{"id":327732,"date":"2024-04-25T18:51:15","date_gmt":"2024-04-25T15:51:15","guid":{"rendered":"https:\/\/sana.sy\/es\/?p=327732"},"modified":"2024-04-25T19:02:34","modified_gmt":"2024-04-25T16:02:34","slug":"siria-participa-en-12a-reunion-internacional-de-alto-nivel-sobre-cuestiones-de-seguridad","status":"publish","type":"post","link":"https:\/\/archive.sana.sy\/es\/?p=327732","title":{"rendered":"Siria participa en 12\u00aa Reuni\u00f3n Internacional de Alto Nivel sobre Cuestiones de Seguridad"},"content":{"rendered":"<p style=\"text-align: justify;\"><span style=\"color: #800000;\"><strong>Mosc\u00fa, 25 abr (SANA)<\/strong>\u00a0<\/span> El asesor para Asuntos de Seguridad Nacional en la Secretar\u00eda General de la Presidencia de la Rep\u00fablica, general de divisi\u00f3n Ali Mamlouk, destac\u00f3 que la identidad y los valores nacionales son la primera l\u00ednea de defensa que tiene la sociedad para mantener la cohesi\u00f3n social y su inmunidad interna frente a las agendas externas injerencista.<\/p>\n<p style=\"text-align: justify;\">En un discurso pronunciado hoy ante la 12\u00aa reuni\u00f3n Internacional de Funcionarios de Alto Nivel en Cuestiones de Seguridad celebrada en la ciudad rusa de San Petersburgo, Mamlouk enfatiz\u00f3 que defender la identidad nacional y los valores tradicionales con el fin de preservar la seguridad, la paz y la estabilidad internacionales es una tarea importante en el momento en que algunos pa\u00edses buscan destrozar a otros pa\u00edses apuntando su identidad nacional y atacando sus valores sociales para lograr su agenda pol\u00edtica bajo lemas y titulares enga\u00f1osos.<\/p>\n<p style=\"text-align: justify;\">El alto funcionario sirio explic\u00f3 que la guerra terrorista contra Siria ten\u00eda como objetivo su identidad y pertenencia, es decir, la primera l\u00ednea de defensa de la sociedad responsable de conservar la cohesi\u00f3n social frente a las agendas extranjeras y los intentos de invasi\u00f3n cultural e intelectual.<\/p>\n<p style=\"text-align: justify;\">Asimismo, expres\u00f3 el aprecio de Siria por el apoyo que Rusia le brind\u00f3 en materia de lucha contra el terrorismo y en el \u00e1mbito econ\u00f3mico y pol\u00edtico.<\/p>\n<p style=\"text-align: justify;\">sm<\/p>\n","protected":false},"excerpt":{"rendered":"<p>Mosc\u00fa, 25 abr (SANA)\u00a0 El asesor para Asuntos de Seguridad Nacional en la Secretar\u00eda General de la Presidencia de la Rep\u00fablica, general de divisi\u00f3n Ali Mamlouk, destac\u00f3 que la identidad y los valores nacionales son la primera l\u00ednea de defensa que tiene la sociedad para mantener la cohesi\u00f3n social y su inmunidad interna frente a &hellip;<\/p>\n","protected":false},"author":39,"featured_media":327733,"comment_status":"closed","ping_status":"closed","sticky":false,"template":"","format":"standard","meta":{"footnotes":""},"categories":[597,20724,467,583],"tags":[],"class_list":["post-327732","post","type-post","status-publish","format-standard","has-post-thumbnail","","category-cinta-de-noticias","category-minuto-a-minuto","category-siria-y-el-mundo","category-slide"],"_links":{"self":[{"href":"https:\/\/archive.sana.sy\/es\/index.php?rest_route=\/wp\/v2\/posts\/327732"}],"collection":[{"href":"https:\/\/archive.sana.sy\/es\/index.php?rest_route=\/wp\/v2\/posts"}],"about":[{"href":"https:\/\/archive.sana.sy\/es\/index.php?rest_route=\/wp\/v2\/types\/post"}],"author":[{"embeddable":true,"href":"https:\/\/archive.sana.sy\/es\/index.php?rest_route=\/wp\/v2\/users\/39"}],"replies":[{"embeddable":true,"href":"https:\/\/archive.sana.sy\/es\/index.php?rest_route=%2Fwp%2Fv2%2Fcomments&post=327732"}],"version-history":[{"count":1,"href":"https:\/\/archive.sana.sy\/es\/index.php?rest_route=\/wp\/v2\/posts\/327732\/revisions"}],"predecessor-version":[{"id":327734,"href":"https:\/\/archive.sana.sy\/es\/index.php?rest_route=\/wp\/v2\/posts\/327732\/revisions\/327734"}],"wp:featuredmedia":[{"embeddable":true,"href":"https:\/\/archive.sana.sy\/es\/index.php?rest_route=\/wp\/v2\/media\/327733"}],"wp:attachment":[{"href":"https:\/\/archive.sana.sy\/es\/index.php?rest_route=%2Fwp%2Fv2%2Fmedia&parent=327732"}],"wp:term":[{"taxonomy":"category","embeddable":true,"href":"https:\/\/archive.sana.sy\/es\/index.php?rest_route=%2Fwp%2Fv2%2Fcategories&post=327732"},{"taxonomy":"post_tag","embeddable":true,"href":"https:\/\/archive.sana.sy\/es\/index.php?rest_route=%2Fwp%2Fv2%2Ftags&post=327732"}],"curies":[{"name":"wp","href":"https:\/\/api.w.org\/{rel}","templated":true}]}}