{"id":327744,"date":"2024-04-26T10:03:03","date_gmt":"2024-04-26T07:03:03","guid":{"rendered":"https:\/\/sana.sy\/es\/?p=327744"},"modified":"2024-04-26T10:03:03","modified_gmt":"2024-04-26T07:03:03","slug":"ministro-de-economia-y-embajador-de-eau-exploran-perspectivas-de-cooperacion-bilateral","status":"publish","type":"post","link":"https:\/\/archive.sana.sy\/es\/?p=327744","title":{"rendered":"Ministro de Econom\u00eda y Embajador de EAU exploran perspectivas de cooperaci\u00f3n bilateral"},"content":{"rendered":"<p style=\"text-align: justify;\"><span style=\"color: #800000;\"><strong>Damasco, 26 abr (SANA)<\/strong><\/span> El Ministro de Econom\u00eda y Comercio Exterior de Siria, Mohammed al-Khalil, abord\u00f3 con el embajador de los Emiratos \u00c1rabes Unidos en Damasco, Hassan Ahmed al-Shahhi, la importancia del papel del sector privado en el impulso del comercio entre Siria y los Emiratos \u00c1rabes Unidos.<\/p>\n<p style=\"text-align: justify;\">Durante una reuni\u00f3n celebrada este jueves, el ministro al-Khalil subray\u00f3 la importancia de las relaciones econ\u00f3micas entre ambos pa\u00edses y las perspectivas de su desarrollo,<\/p>\n<p style=\"text-align: justify;\">Asimismo, elogi\u00f3 las pol\u00edticas de desarrollo implementadas por el gobierno emirat\u00ed y sus esfuerzos para lograr la diversificaci\u00f3n econ\u00f3mica.<\/p>\n<p style=\"text-align: justify;\">Por su parte, el Embajador emirat\u00ed destac\u00f3 los lazos bilaterales entre ambos pa\u00edses, y reafirm\u00f3 el compromiso de los Emiratos \u00c1rabes Unidos de fortalecer y desarrollar las relaciones comunes en beneficio de ambos pueblos hermanos.<\/p>\n<p style=\"text-align: justify;\">Durante la reuni\u00f3n, se extendi\u00f3 una invitaci\u00f3n por parte del lado emirat\u00ed al ministro al-Khalil para asistir a la 13\u00aa edici\u00f3n de la Cumbre de Inversi\u00f3n AIM, que se llevar\u00e1 a cabo el pr\u00f3ximo mes en Abu Dabi, bajo el lema &#8220;Adaptaci\u00f3n al Cambio en el Paisaje de Inversiones: Explotaci\u00f3n de Nuevas Oportunidades para el Desarrollo Econ\u00f3mico Global&#8221;.<\/p>\n<p style=\"text-align: justify;\"><em><strong>ah<\/strong><\/em><\/p>\n","protected":false},"excerpt":{"rendered":"<p>Damasco, 26 abr (SANA) El Ministro de Econom\u00eda y Comercio Exterior de Siria, Mohammed al-Khalil, abord\u00f3 con el embajador de los Emiratos \u00c1rabes Unidos en Damasco, Hassan Ahmed al-Shahhi, la importancia del papel del sector privado en el impulso del comercio entre Siria y los Emiratos \u00c1rabes Unidos. Durante una reuni\u00f3n celebrada este jueves, el &hellip;<\/p>\n","protected":false},"author":30,"featured_media":327745,"comment_status":"closed","ping_status":"closed","sticky":false,"template":"","format":"standard","meta":{"footnotes":""},"categories":[597,16686,483,485,20724,7541],"tags":[],"class_list":["post-327744","post","type-post","status-publish","format-standard","has-post-thumbnail","","category-cinta-de-noticias","category-economia","category-negocios-y-finanzas","category-informes-negocios-y-finanzas","category-minuto-a-minuto","category-ultimas-noticias"],"_links":{"self":[{"href":"https:\/\/archive.sana.sy\/es\/index.php?rest_route=\/wp\/v2\/posts\/327744"}],"collection":[{"href":"https:\/\/archive.sana.sy\/es\/index.php?rest_route=\/wp\/v2\/posts"}],"about":[{"href":"https:\/\/archive.sana.sy\/es\/index.php?rest_route=\/wp\/v2\/types\/post"}],"author":[{"embeddable":true,"href":"https:\/\/archive.sana.sy\/es\/index.php?rest_route=\/wp\/v2\/users\/30"}],"replies":[{"embeddable":true,"href":"https:\/\/archive.sana.sy\/es\/index.php?rest_route=%2Fwp%2Fv2%2Fcomments&post=327744"}],"version-history":[{"count":1,"href":"https:\/\/archive.sana.sy\/es\/index.php?rest_route=\/wp\/v2\/posts\/327744\/revisions"}],"predecessor-version":[{"id":327746,"href":"https:\/\/archive.sana.sy\/es\/index.php?rest_route=\/wp\/v2\/posts\/327744\/revisions\/327746"}],"wp:featuredmedia":[{"embeddable":true,"href":"https:\/\/archive.sana.sy\/es\/index.php?rest_route=\/wp\/v2\/media\/327745"}],"wp:attachment":[{"href":"https:\/\/archive.sana.sy\/es\/index.php?rest_route=%2Fwp%2Fv2%2Fmedia&parent=327744"}],"wp:term":[{"taxonomy":"category","embeddable":true,"href":"https:\/\/archive.sana.sy\/es\/index.php?rest_route=%2Fwp%2Fv2%2Fcategories&post=327744"},{"taxonomy":"post_tag","embeddable":true,"href":"https:\/\/archive.sana.sy\/es\/index.php?rest_route=%2Fwp%2Fv2%2Ftags&post=327744"}],"curies":[{"name":"wp","href":"https:\/\/api.w.org\/{rel}","templated":true}]}}