{"id":327747,"date":"2024-04-26T10:12:18","date_gmt":"2024-04-26T07:12:18","guid":{"rendered":"https:\/\/sana.sy\/es\/?p=327747"},"modified":"2024-04-26T10:12:18","modified_gmt":"2024-04-26T07:12:18","slug":"siria-destaca-preservacion-de-identidades-nacionales-para-seguridad-y-paz-de-los-estados","status":"publish","type":"post","link":"https:\/\/archive.sana.sy\/es\/?p=327747","title":{"rendered":"Siria destaca preservaci\u00f3n de identidades nacionales para seguridad y paz de los Estados"},"content":{"rendered":"<p style=\"text-align: justify;\"><span style=\"color: #800000;\"><strong>Mosc\u00fa, 26 abr (SANA)<\/strong> <\/span>El asesor de seguridad nacional en la Secretar\u00eda General de la Presidencia de la Rep\u00fablica \u00c1rabe Siria, el general Ali Mamlouk, afirm\u00f3 que la identidad y los valores nacionales son la primera l\u00ednea de defensa que posee la sociedad para preservar su cohesi\u00f3n social y su inmunidad interna frente a las agendas externas.<\/p>\n<p style=\"text-align: justify;\">Las declaraciones del Asesor de Seguridad se produjeron durante su discurso en la 12\u00aa reuni\u00f3n internacional de altos funcionarios de seguridad celebrada en la ciudad rusa de San Petersburgo, donde enfatiz\u00f3 la necesidad de preservar la identidad y los valores nacionales para garantizar la seguridad, la paz y la estabilidad internacional.<\/p>\n<p style=\"text-align: justify;\">Mamlouk declar\u00f3 que la preservaci\u00f3n de la identidad nacional y los valores tradicionales para la seguridad, la paz y la estabilidad internacional es un tema crucial en un momento en el que algunos pa\u00edses buscan desmembrar a otros atacando su identidad nacional y socavando sus valores comunitarios para lograr sus agendas pol\u00edticas bajo esl\u00f3ganes y t\u00edtulos enga\u00f1osos.<\/p>\n<p style=\"text-align: justify;\">Mamlouk, en el contexto de su discurso, se\u00f1al\u00f3 el impacto negativo de los medios de comunicaci\u00f3n, las redes sociales y la tecnolog\u00eda moderna en la seguridad y la estabilidad de los Estados, lo que llev\u00f3 a caer en la trampa del extremismo, el terrorismo y las afiliaciones artificiales.<\/p>\n<p style=\"text-align: justify;\">Resalt\u00f3\u00a0 que la guerra terrorista contra Siria ten\u00eda como objetivo la identidad y la pertenencia, es decir, apuntar a la primera l\u00ednea de defensa de la sociedad responsable de preservar la cohesi\u00f3n social frente a las agendas extranjeras y los intentos de invasi\u00f3n cultural e intelectual.<\/p>\n<p style=\"text-align: justify;\">\u201cSiria aprecia el apoyo brindado por Rusia en lo que respecta a la lucha contra el terrorismo y en los campos econ\u00f3mico y pol\u00edtico\u201d, concluy\u00f3.<\/p>\n<p style=\"text-align: justify;\"><em><strong>ah<\/strong><\/em><\/p>\n","protected":false},"excerpt":{"rendered":"<p>Mosc\u00fa, 26 abr (SANA) El asesor de seguridad nacional en la Secretar\u00eda General de la Presidencia de la Rep\u00fablica \u00c1rabe Siria, el general Ali Mamlouk, afirm\u00f3 que la identidad y los valores nacionales son la primera l\u00ednea de defensa que posee la sociedad para preservar su cohesi\u00f3n social y su inmunidad interna frente a las &hellip;<\/p>\n","protected":false},"author":30,"featured_media":327748,"comment_status":"closed","ping_status":"closed","sticky":false,"template":"","format":"standard","meta":{"footnotes":""},"categories":[597,20724,467,7541],"tags":[],"class_list":["post-327747","post","type-post","status-publish","format-standard","has-post-thumbnail","","category-cinta-de-noticias","category-minuto-a-minuto","category-siria-y-el-mundo","category-ultimas-noticias"],"_links":{"self":[{"href":"https:\/\/archive.sana.sy\/es\/index.php?rest_route=\/wp\/v2\/posts\/327747"}],"collection":[{"href":"https:\/\/archive.sana.sy\/es\/index.php?rest_route=\/wp\/v2\/posts"}],"about":[{"href":"https:\/\/archive.sana.sy\/es\/index.php?rest_route=\/wp\/v2\/types\/post"}],"author":[{"embeddable":true,"href":"https:\/\/archive.sana.sy\/es\/index.php?rest_route=\/wp\/v2\/users\/30"}],"replies":[{"embeddable":true,"href":"https:\/\/archive.sana.sy\/es\/index.php?rest_route=%2Fwp%2Fv2%2Fcomments&post=327747"}],"version-history":[{"count":1,"href":"https:\/\/archive.sana.sy\/es\/index.php?rest_route=\/wp\/v2\/posts\/327747\/revisions"}],"predecessor-version":[{"id":327749,"href":"https:\/\/archive.sana.sy\/es\/index.php?rest_route=\/wp\/v2\/posts\/327747\/revisions\/327749"}],"wp:featuredmedia":[{"embeddable":true,"href":"https:\/\/archive.sana.sy\/es\/index.php?rest_route=\/wp\/v2\/media\/327748"}],"wp:attachment":[{"href":"https:\/\/archive.sana.sy\/es\/index.php?rest_route=%2Fwp%2Fv2%2Fmedia&parent=327747"}],"wp:term":[{"taxonomy":"category","embeddable":true,"href":"https:\/\/archive.sana.sy\/es\/index.php?rest_route=%2Fwp%2Fv2%2Fcategories&post=327747"},{"taxonomy":"post_tag","embeddable":true,"href":"https:\/\/archive.sana.sy\/es\/index.php?rest_route=%2Fwp%2Fv2%2Ftags&post=327747"}],"curies":[{"name":"wp","href":"https:\/\/api.w.org\/{rel}","templated":true}]}}