{"id":327804,"date":"2024-04-27T09:51:27","date_gmt":"2024-04-27T06:51:27","guid":{"rendered":"https:\/\/sana.sy\/es\/?p=327804"},"modified":"2024-04-27T09:51:40","modified_gmt":"2024-04-27T06:51:40","slug":"resistencia-iraqui-ataca-posiciones-israelies-en-palestina-ocupada","status":"publish","type":"post","link":"https:\/\/archive.sana.sy\/es\/?p=327804","title":{"rendered":"Resistencia iraqu\u00ed ataca posiciones israel\u00edes en Palestina ocupada"},"content":{"rendered":"<p style=\"text-align: justify;\"><span style=\"color: #800000;\"><strong>Bagdad, 27 ab (SANA)<\/strong> <\/span>La resistencia iraqu\u00ed anunci\u00f3 este s\u00e1bado que atac\u00f3 con drones una posici\u00f3n del ocupante israel\u00ed en los territorios palestinos \u00a0ocupados.<\/p>\n<p style=\"text-align: justify;\">En un comunicado, la resistencia declar\u00f3 que sus combatientes atacaron con drones un blanco israel\u00ed vital en Haifa ocupada.<\/p>\n<p style=\"text-align: justify;\">La resistencia reafirm\u00f3 continuar la destrucci\u00f3n de las fortalezas de \u201cIsrael\u201d como parte de la segunda fase de las operaciones de resistencia contra el ocupante, en solidaridad con el pueblo de Gaza y en respuesta a las masacres sionistas contra civiles palestinos inocentes.<\/p>\n<p style=\"text-align: justify;\"><em><strong>ah<\/strong><\/em><\/p>\n","protected":false},"excerpt":{"rendered":"<p>Bagdad, 27 ab (SANA) La resistencia iraqu\u00ed anunci\u00f3 este s\u00e1bado que atac\u00f3 con drones una posici\u00f3n del ocupante israel\u00ed en los territorios palestinos \u00a0ocupados. En un comunicado, la resistencia declar\u00f3 que sus combatientes atacaron con drones un blanco israel\u00ed vital en Haifa ocupada. La resistencia reafirm\u00f3 continuar la destrucci\u00f3n de las fortalezas de \u201cIsrael\u201d como &hellip;<\/p>\n","protected":false},"author":30,"featured_media":327805,"comment_status":"closed","ping_status":"closed","sticky":false,"template":"","format":"standard","meta":{"footnotes":""},"categories":[597,456,20724,7541],"tags":[],"class_list":["post-327804","post","type-post","status-publish","format-standard","has-post-thumbnail","","category-cinta-de-noticias","category-arabe-internacional-politica","category-minuto-a-minuto","category-ultimas-noticias"],"_links":{"self":[{"href":"https:\/\/archive.sana.sy\/es\/index.php?rest_route=\/wp\/v2\/posts\/327804"}],"collection":[{"href":"https:\/\/archive.sana.sy\/es\/index.php?rest_route=\/wp\/v2\/posts"}],"about":[{"href":"https:\/\/archive.sana.sy\/es\/index.php?rest_route=\/wp\/v2\/types\/post"}],"author":[{"embeddable":true,"href":"https:\/\/archive.sana.sy\/es\/index.php?rest_route=\/wp\/v2\/users\/30"}],"replies":[{"embeddable":true,"href":"https:\/\/archive.sana.sy\/es\/index.php?rest_route=%2Fwp%2Fv2%2Fcomments&post=327804"}],"version-history":[{"count":1,"href":"https:\/\/archive.sana.sy\/es\/index.php?rest_route=\/wp\/v2\/posts\/327804\/revisions"}],"predecessor-version":[{"id":327806,"href":"https:\/\/archive.sana.sy\/es\/index.php?rest_route=\/wp\/v2\/posts\/327804\/revisions\/327806"}],"wp:featuredmedia":[{"embeddable":true,"href":"https:\/\/archive.sana.sy\/es\/index.php?rest_route=\/wp\/v2\/media\/327805"}],"wp:attachment":[{"href":"https:\/\/archive.sana.sy\/es\/index.php?rest_route=%2Fwp%2Fv2%2Fmedia&parent=327804"}],"wp:term":[{"taxonomy":"category","embeddable":true,"href":"https:\/\/archive.sana.sy\/es\/index.php?rest_route=%2Fwp%2Fv2%2Fcategories&post=327804"},{"taxonomy":"post_tag","embeddable":true,"href":"https:\/\/archive.sana.sy\/es\/index.php?rest_route=%2Fwp%2Fv2%2Ftags&post=327804"}],"curies":[{"name":"wp","href":"https:\/\/api.w.org\/{rel}","templated":true}]}}