{"id":327811,"date":"2024-04-27T11:39:39","date_gmt":"2024-04-27T08:39:39","guid":{"rendered":"https:\/\/sana.sy\/es\/?p=327811"},"modified":"2024-04-27T11:39:39","modified_gmt":"2024-04-27T08:39:39","slug":"expatriados-sirios-en-rumania-conmemoran-78o-aniversario-del-dia-de-la-independencia","status":"publish","type":"post","link":"https:\/\/archive.sana.sy\/es\/?p=327811","title":{"rendered":"Expatriados sirios en Rumania conmemoran \u00a078\u00ba aniversario del D\u00eda de la Independencia"},"content":{"rendered":"<p style=\"text-align: justify;\"><span style=\"color: #800000;\"><strong>Bucarest, 27 abr (SANA)<\/strong><\/span> La Asociaci\u00f3n de Expatriados Sirios en Rumania celebr\u00f3 el 78\u00ba aniversario del D\u00eda de la Independencia en la embajada siria en Bucarest.<\/p>\n<p style=\"text-align: justify;\">El presidente de la asociaci\u00f3n, Isam Refaai, expres\u00f3 en su discurso durante la celebraci\u00f3n el orgullo y la admiraci\u00f3n por los sacrificios de los antepasados \u200b\u200bh\u00e9roes para lograr la victoria sobre el colonialismo y la liberaci\u00f3n del pa\u00eds de la ocupaci\u00f3n.<\/p>\n<p style=\"text-align: justify;\">Refaai reiter\u00f3 el rechazo del pueblo sirio a la ocupaci\u00f3n y su determinaci\u00f3n para defender su soberan\u00eda nacional y evitar cualquier injerencia extranjera en sus asuntos internos.<\/p>\n<p style=\"text-align: justify;\">\u201cLa comunidad siria en Rumania ratifica su compromiso con su liderazgo para continuar en el camino de la lucha para fortalecer la independencia del pa\u00eds y avanzar hacia m\u00e1s victorias en el futuro\u201d, expres\u00f3.<\/p>\n<p style=\"text-align: justify;\">Por su parte, el encargado de negocios de la embajada siria en Bucarest, el embajador Khaled Sharaf, se\u00f1al\u00f3 los altos significados nacionales del D\u00eda de la Independencia y el papel y los sacrificios de sus h\u00e9roes.<\/p>\n<p style=\"text-align: justify;\">Confirm\u00f3 el orgullo del pueblo \u00e1rabe en esta ocasi\u00f3n y en las haza\u00f1as y determinaci\u00f3n de sus antepasados, y su insistencia en seguir adelante en el camino de la lucha para fortalecer la independencia del pa\u00eds y la unidad nacional.<\/p>\n<p style=\"text-align: justify;\">La celebraci\u00f3n cont\u00f3 con la presencia de varios embajadores \u00e1rabes acreditados en Rumania y representantes de las comunidades \u00e1rabes y una gran multitud de miembros de la comunidad siria en Rumania, y comenz\u00f3 con un minuto de silencio en honor a los m\u00e1rtires, y la interpretaci\u00f3n de los himnos nacionales sirio y rumano.<\/p>\n<p style=\"text-align: justify;\"><em><strong>ah<\/strong><\/em><\/p>\n<div id='gallery-1' class='gallery galleryid-327811 gallery-columns-1 gallery-size-full'><figure class='gallery-item'>\n\t\t\t<div class='gallery-icon landscape'>\n\t\t\t\t<a href='https:\/\/archive.sana.sy\/es\/wp-content\/uploads\/2024\/04\/photo_2024-04-26_23-46-54-300x199-1.jpg'><img loading=\"lazy\" decoding=\"async\" width=\"300\" height=\"199\" src=\"https:\/\/archive.sana.sy\/es\/wp-content\/uploads\/2024\/04\/photo_2024-04-26_23-46-54-300x199-1.jpg\" class=\"attachment-full size-full\" alt=\"\" srcset=\"https:\/\/archive.sana.sy\/es\/wp-content\/uploads\/2024\/04\/photo_2024-04-26_23-46-54-300x199-1.jpg 300w, https:\/\/archive.sana.sy\/es\/wp-content\/uploads\/2024\/04\/photo_2024-04-26_23-46-54-300x199-1-150x100.jpg 150w\" sizes=\"(max-width: 300px) 100vw, 300px\" \/><\/a>\n\t\t\t<\/div><\/figure><figure class='gallery-item'>\n\t\t\t<div class='gallery-icon landscape'>\n\t\t\t\t<a href='https:\/\/archive.sana.sy\/es\/wp-content\/uploads\/2024\/04\/photo_2024-04-26_23-48-41-2-300x199-1.jpg'><img loading=\"lazy\" decoding=\"async\" width=\"300\" height=\"199\" src=\"https:\/\/archive.sana.sy\/es\/wp-content\/uploads\/2024\/04\/photo_2024-04-26_23-48-41-2-300x199-1.jpg\" class=\"attachment-full size-full\" alt=\"\" srcset=\"https:\/\/archive.sana.sy\/es\/wp-content\/uploads\/2024\/04\/photo_2024-04-26_23-48-41-2-300x199-1.jpg 300w, https:\/\/archive.sana.sy\/es\/wp-content\/uploads\/2024\/04\/photo_2024-04-26_23-48-41-2-300x199-1-150x100.jpg 150w\" sizes=\"(max-width: 300px) 100vw, 300px\" \/><\/a>\n\t\t\t<\/div><\/figure><figure class='gallery-item'>\n\t\t\t<div class='gallery-icon landscape'>\n\t\t\t\t<a href='https:\/\/archive.sana.sy\/es\/wp-content\/uploads\/2024\/04\/photo_2024-04-26_23-46-20-300x209-1.jpg'><img loading=\"lazy\" decoding=\"async\" width=\"300\" height=\"209\" src=\"https:\/\/archive.sana.sy\/es\/wp-content\/uploads\/2024\/04\/photo_2024-04-26_23-46-20-300x209-1.jpg\" class=\"attachment-full size-full\" alt=\"\" srcset=\"https:\/\/archive.sana.sy\/es\/wp-content\/uploads\/2024\/04\/photo_2024-04-26_23-46-20-300x209-1.jpg 300w, https:\/\/archive.sana.sy\/es\/wp-content\/uploads\/2024\/04\/photo_2024-04-26_23-46-20-300x209-1-150x105.jpg 150w\" sizes=\"(max-width: 300px) 100vw, 300px\" \/><\/a>\n\t\t\t<\/div><\/figure>\n\t\t<\/div>\n\n","protected":false},"excerpt":{"rendered":"<p>Bucarest, 27 abr (SANA) La Asociaci\u00f3n de Expatriados Sirios en Rumania celebr\u00f3 el 78\u00ba aniversario del D\u00eda de la Independencia en la embajada siria en Bucarest. El presidente de la asociaci\u00f3n, Isam Refaai, expres\u00f3 en su discurso durante la celebraci\u00f3n el orgullo y la admiraci\u00f3n por los sacrificios de los antepasados \u200b\u200bh\u00e9roes para lograr la &hellip;<\/p>\n","protected":false},"author":30,"featured_media":327812,"comment_status":"closed","ping_status":"closed","sticky":false,"template":"","format":"standard","meta":{"footnotes":""},"categories":[597,20724,467,7541],"tags":[],"class_list":["post-327811","post","type-post","status-publish","format-standard","has-post-thumbnail","","category-cinta-de-noticias","category-minuto-a-minuto","category-siria-y-el-mundo","category-ultimas-noticias"],"_links":{"self":[{"href":"https:\/\/archive.sana.sy\/es\/index.php?rest_route=\/wp\/v2\/posts\/327811"}],"collection":[{"href":"https:\/\/archive.sana.sy\/es\/index.php?rest_route=\/wp\/v2\/posts"}],"about":[{"href":"https:\/\/archive.sana.sy\/es\/index.php?rest_route=\/wp\/v2\/types\/post"}],"author":[{"embeddable":true,"href":"https:\/\/archive.sana.sy\/es\/index.php?rest_route=\/wp\/v2\/users\/30"}],"replies":[{"embeddable":true,"href":"https:\/\/archive.sana.sy\/es\/index.php?rest_route=%2Fwp%2Fv2%2Fcomments&post=327811"}],"version-history":[{"count":1,"href":"https:\/\/archive.sana.sy\/es\/index.php?rest_route=\/wp\/v2\/posts\/327811\/revisions"}],"predecessor-version":[{"id":327816,"href":"https:\/\/archive.sana.sy\/es\/index.php?rest_route=\/wp\/v2\/posts\/327811\/revisions\/327816"}],"wp:featuredmedia":[{"embeddable":true,"href":"https:\/\/archive.sana.sy\/es\/index.php?rest_route=\/wp\/v2\/media\/327812"}],"wp:attachment":[{"href":"https:\/\/archive.sana.sy\/es\/index.php?rest_route=%2Fwp%2Fv2%2Fmedia&parent=327811"}],"wp:term":[{"taxonomy":"category","embeddable":true,"href":"https:\/\/archive.sana.sy\/es\/index.php?rest_route=%2Fwp%2Fv2%2Fcategories&post=327811"},{"taxonomy":"post_tag","embeddable":true,"href":"https:\/\/archive.sana.sy\/es\/index.php?rest_route=%2Fwp%2Fv2%2Ftags&post=327811"}],"curies":[{"name":"wp","href":"https:\/\/api.w.org\/{rel}","templated":true}]}}