{"id":327915,"date":"2024-04-28T14:50:54","date_gmt":"2024-04-28T11:50:54","guid":{"rendered":"https:\/\/sana.sy\/es\/?p=327915"},"modified":"2024-04-28T14:52:59","modified_gmt":"2024-04-28T11:52:59","slug":"bailarinas-sirias-de-ballet-celebran-el-dia-mundial-de-la-danza-fotos","status":"publish","type":"post","link":"https:\/\/archive.sana.sy\/es\/?p=327915","title":{"rendered":"Bailarinas sirias de ballet celebran el D\u00eda Mundial de la Danza (+ fotos)"},"content":{"rendered":"<p style=\"text-align: justify;\"><span style=\"color: #800000;\"><strong>Tartous, 28 abr (SANA)\u00a0<\/strong> <\/span>\u00a0Con motivo del D\u00eda Mundial de la Danza, el Centro Cultural en la ciudad costera siria de Tartous organiz\u00f3 un espect\u00e1culo de danza ballet con la participaci\u00f3n de 60 bailarines de edades entre 4 y 17 a\u00f1os.<\/p>\n<p style=\"text-align: justify;\"><img loading=\"lazy\" decoding=\"async\" class=\"size-full wp-image-327917 alignright\" src=\"http:\/\/sana.sy\/es\/wp-content\/uploads\/2024\/04\/10-18-300x166-1.jpg\" alt=\"\" width=\"300\" height=\"166\" srcset=\"https:\/\/archive.sana.sy\/es\/wp-content\/uploads\/2024\/04\/10-18-300x166-1.jpg 300w, https:\/\/archive.sana.sy\/es\/wp-content\/uploads\/2024\/04\/10-18-300x166-1-150x83.jpg 150w\" sizes=\"(max-width: 300px) 100vw, 300px\" \/><\/p>\n<p style=\"text-align: justify;\">El evento se llev\u00f3 a cabo en cooperaci\u00f3n con la Sala de Baile \u201cNissan\u201d, que se cre\u00f3 en 2022 para atraer a las ni\u00f1as que quieran aprender este arte.<\/p>\n<p style=\"text-align: justify;\">La due\u00f1a de la Sala Doaa Issa expres\u00f3 su amor y pasi\u00f3n por el ballet, que cada d\u00eda se extiende en Siria.<\/p>\n<div id='gallery-1' class='gallery galleryid-327915 gallery-columns-1 gallery-size-large'><figure class='gallery-item'>\n\t\t\t<div class='gallery-icon landscape'>\n\t\t\t\t<a href='https:\/\/archive.sana.sy\/es\/wp-content\/uploads\/2024\/04\/3-2-scaled.jpg'><img loading=\"lazy\" decoding=\"async\" width=\"618\" height=\"355\" src=\"https:\/\/archive.sana.sy\/es\/wp-content\/uploads\/2024\/04\/3-2-1024x588.jpg\" class=\"attachment-large size-large\" alt=\"\" srcset=\"https:\/\/archive.sana.sy\/es\/wp-content\/uploads\/2024\/04\/3-2-1024x588.jpg 1024w, https:\/\/archive.sana.sy\/es\/wp-content\/uploads\/2024\/04\/3-2-300x172.jpg 300w, https:\/\/archive.sana.sy\/es\/wp-content\/uploads\/2024\/04\/3-2-150x86.jpg 150w, https:\/\/archive.sana.sy\/es\/wp-content\/uploads\/2024\/04\/3-2-768x441.jpg 768w, https:\/\/archive.sana.sy\/es\/wp-content\/uploads\/2024\/04\/3-2-1536x882.jpg 1536w, https:\/\/archive.sana.sy\/es\/wp-content\/uploads\/2024\/04\/3-2-2048x1176.jpg 2048w\" sizes=\"(max-width: 618px) 100vw, 618px\" \/><\/a>\n\t\t\t<\/div><\/figure><figure class='gallery-item'>\n\t\t\t<div class='gallery-icon landscape'>\n\t\t\t\t<a href='https:\/\/archive.sana.sy\/es\/wp-content\/uploads\/2024\/04\/10-scaled.jpg'><img loading=\"lazy\" decoding=\"async\" width=\"618\" height=\"341\" src=\"https:\/\/archive.sana.sy\/es\/wp-content\/uploads\/2024\/04\/10-1024x565.jpg\" class=\"attachment-large size-large\" alt=\"\" srcset=\"https:\/\/archive.sana.sy\/es\/wp-content\/uploads\/2024\/04\/10-1024x565.jpg 1024w, https:\/\/archive.sana.sy\/es\/wp-content\/uploads\/2024\/04\/10-300x166.jpg 300w, https:\/\/archive.sana.sy\/es\/wp-content\/uploads\/2024\/04\/10-150x83.jpg 150w, https:\/\/archive.sana.sy\/es\/wp-content\/uploads\/2024\/04\/10-768x424.jpg 768w, https:\/\/archive.sana.sy\/es\/wp-content\/uploads\/2024\/04\/10-1536x848.jpg 1536w, https:\/\/archive.sana.sy\/es\/wp-content\/uploads\/2024\/04\/10-2048x1131.jpg 2048w\" sizes=\"(max-width: 618px) 100vw, 618px\" \/><\/a>\n\t\t\t<\/div><\/figure><figure class='gallery-item'>\n\t\t\t<div class='gallery-icon landscape'>\n\t\t\t\t<a href='https:\/\/archive.sana.sy\/es\/wp-content\/uploads\/2024\/04\/23-scaled.jpg'><img loading=\"lazy\" decoding=\"async\" width=\"618\" height=\"351\" src=\"https:\/\/archive.sana.sy\/es\/wp-content\/uploads\/2024\/04\/23-1024x582.jpg\" class=\"attachment-large size-large\" alt=\"\" srcset=\"https:\/\/archive.sana.sy\/es\/wp-content\/uploads\/2024\/04\/23-1024x582.jpg 1024w, https:\/\/archive.sana.sy\/es\/wp-content\/uploads\/2024\/04\/23-300x171.jpg 300w, https:\/\/archive.sana.sy\/es\/wp-content\/uploads\/2024\/04\/23-150x85.jpg 150w, https:\/\/archive.sana.sy\/es\/wp-content\/uploads\/2024\/04\/23-768x437.jpg 768w, https:\/\/archive.sana.sy\/es\/wp-content\/uploads\/2024\/04\/23-1536x874.jpg 1536w, https:\/\/archive.sana.sy\/es\/wp-content\/uploads\/2024\/04\/23-2048x1165.jpg 2048w\" sizes=\"(max-width: 618px) 100vw, 618px\" \/><\/a>\n\t\t\t<\/div><\/figure><figure class='gallery-item'>\n\t\t\t<div class='gallery-icon landscape'>\n\t\t\t\t<a href='https:\/\/archive.sana.sy\/es\/wp-content\/uploads\/2024\/04\/30-scaled.jpg'><img loading=\"lazy\" decoding=\"async\" width=\"618\" height=\"310\" src=\"https:\/\/archive.sana.sy\/es\/wp-content\/uploads\/2024\/04\/30-1024x514.jpg\" class=\"attachment-large size-large\" alt=\"\" srcset=\"https:\/\/archive.sana.sy\/es\/wp-content\/uploads\/2024\/04\/30-1024x514.jpg 1024w, https:\/\/archive.sana.sy\/es\/wp-content\/uploads\/2024\/04\/30-300x151.jpg 300w, https:\/\/archive.sana.sy\/es\/wp-content\/uploads\/2024\/04\/30-150x75.jpg 150w, https:\/\/archive.sana.sy\/es\/wp-content\/uploads\/2024\/04\/30-768x385.jpg 768w, https:\/\/archive.sana.sy\/es\/wp-content\/uploads\/2024\/04\/30-1536x771.jpg 1536w, https:\/\/archive.sana.sy\/es\/wp-content\/uploads\/2024\/04\/30-2048x1028.jpg 2048w, https:\/\/archive.sana.sy\/es\/wp-content\/uploads\/2024\/04\/30-660x330.jpg 660w, https:\/\/archive.sana.sy\/es\/wp-content\/uploads\/2024\/04\/30-1050x525.jpg 1050w\" sizes=\"(max-width: 618px) 100vw, 618px\" \/><\/a>\n\t\t\t<\/div><\/figure>\n\t\t<\/div>\n\n<p style=\"text-align: justify;\"><strong>ws\/fm<\/strong><\/p>\n","protected":false},"excerpt":{"rendered":"<p>Tartous, 28 abr (SANA)\u00a0 \u00a0Con motivo del D\u00eda Mundial de la Danza, el Centro Cultural en la ciudad costera siria de Tartous organiz\u00f3 un espect\u00e1culo de danza ballet con la participaci\u00f3n de 60 bailarines de edades entre 4 y 17 a\u00f1os. El evento se llev\u00f3 a cabo en cooperaci\u00f3n con la Sala de Baile \u201cNissan\u201d, &hellip;<\/p>\n","protected":false},"author":35,"featured_media":327916,"comment_status":"closed","ping_status":"closed","sticky":false,"template":"","format":"standard","meta":{"footnotes":""},"categories":[597,510,20724,7541],"tags":[],"class_list":["post-327915","post","type-post","status-publish","format-standard","has-post-thumbnail","","category-cinta-de-noticias","category-arte-y-cultura","category-minuto-a-minuto","category-ultimas-noticias"],"_links":{"self":[{"href":"https:\/\/archive.sana.sy\/es\/index.php?rest_route=\/wp\/v2\/posts\/327915"}],"collection":[{"href":"https:\/\/archive.sana.sy\/es\/index.php?rest_route=\/wp\/v2\/posts"}],"about":[{"href":"https:\/\/archive.sana.sy\/es\/index.php?rest_route=\/wp\/v2\/types\/post"}],"author":[{"embeddable":true,"href":"https:\/\/archive.sana.sy\/es\/index.php?rest_route=\/wp\/v2\/users\/35"}],"replies":[{"embeddable":true,"href":"https:\/\/archive.sana.sy\/es\/index.php?rest_route=%2Fwp%2Fv2%2Fcomments&post=327915"}],"version-history":[{"count":3,"href":"https:\/\/archive.sana.sy\/es\/index.php?rest_route=\/wp\/v2\/posts\/327915\/revisions"}],"predecessor-version":[{"id":327924,"href":"https:\/\/archive.sana.sy\/es\/index.php?rest_route=\/wp\/v2\/posts\/327915\/revisions\/327924"}],"wp:featuredmedia":[{"embeddable":true,"href":"https:\/\/archive.sana.sy\/es\/index.php?rest_route=\/wp\/v2\/media\/327916"}],"wp:attachment":[{"href":"https:\/\/archive.sana.sy\/es\/index.php?rest_route=%2Fwp%2Fv2%2Fmedia&parent=327915"}],"wp:term":[{"taxonomy":"category","embeddable":true,"href":"https:\/\/archive.sana.sy\/es\/index.php?rest_route=%2Fwp%2Fv2%2Fcategories&post=327915"},{"taxonomy":"post_tag","embeddable":true,"href":"https:\/\/archive.sana.sy\/es\/index.php?rest_route=%2Fwp%2Fv2%2Ftags&post=327915"}],"curies":[{"name":"wp","href":"https:\/\/api.w.org\/{rel}","templated":true}]}}