{"id":327925,"date":"2024-04-28T14:56:58","date_gmt":"2024-04-28T11:56:58","guid":{"rendered":"https:\/\/sana.sy\/es\/?p=327925"},"modified":"2024-04-28T14:56:58","modified_gmt":"2024-04-28T11:56:58","slug":"fuerzas-sirias-atacan-con-drones-kamikazes-a-vehiculos-y-sedes-de-los-terroristas-video","status":"publish","type":"post","link":"https:\/\/archive.sana.sy\/es\/?p=327925","title":{"rendered":"Fuerzas sirias atacan con drones kamikazes a veh\u00edculos y sedes de los terroristas (+ video)"},"content":{"rendered":"<p style=\"text-align: justify;\"><span style=\"color: #800000;\"><strong>Damasco, 28 abr (SANA)\u00a0<\/strong> <\/span>El ej\u00e9rcito sirio public\u00f3 hoy im\u00e1genes de sus operativos con drones kamikazes contra veh\u00edculos y sedes terroristas en las zonas rurales de las provincias de Idlib y Alepo, en el noroeste del pa\u00eds.<\/p>\n<p style=\"text-align: justify;\">De acuerdo con un comunicado del Ministerio de Defensa, las unidades castrenses atacaron a veh\u00edculos y blindados de los grupos radicales en Idlib y Alepo, as\u00ed como derribaron varios drones en la provincia de Latakia.<\/p>\n<p style=\"text-align: justify;\">La nota precisa que los operativos se efectuaron en cooperaci\u00f3n con las fuerzas rusas amigas y en los mismos se utilizaron drones kamikazes que destruyeron veh\u00edculos y blindados y eliminaron a numerosos terroristas.<\/p>\n<p style=\"text-align: justify;\">Asimismo, un destacamento de las fuerzas armadas que opera en Latakia suprimi\u00f3 varios drones por medio de los cuales los extremistas pretend\u00edan atacar las localidades bajo control gubernamental.<\/p>\n<p style=\"text-align: justify;\">fm<\/p>\n<p><iframe loading=\"lazy\" title=\"Fuerzas sirias atacan con drones kamikazes a veh\u00edculos y sedes de los terroristas\" src=\"https:\/\/www.youtube.com\/embed\/Z0TIwLrsuzk\" width=\"800\" height=\"523\" frameborder=\"0\" allowfullscreen=\"allowfullscreen\"><span data-mce-type=\"bookmark\" style=\"display: inline-block; width: 0px; overflow: hidden; line-height: 0;\" class=\"mce_SELRES_start\">\ufeff<\/span><\/iframe><\/p>\n","protected":false},"excerpt":{"rendered":"<p>Damasco, 28 abr (SANA)\u00a0 El ej\u00e9rcito sirio public\u00f3 hoy im\u00e1genes de sus operativos con drones kamikazes contra veh\u00edculos y sedes terroristas en las zonas rurales de las provincias de Idlib y Alepo, en el noroeste del pa\u00eds. De acuerdo con un comunicado del Ministerio de Defensa, las unidades castrenses atacaron a veh\u00edculos y blindados de &hellip;<\/p>\n","protected":false},"author":34,"featured_media":327926,"comment_status":"closed","ping_status":"closed","sticky":false,"template":"","format":"standard","meta":{"footnotes":""},"categories":[477,447,597,573,20724,476,583],"tags":[],"class_list":["post-327925","post","type-post","status-publish","format-standard","has-post-thumbnail","","category-noticias-edulcorantes","category-local-politica","category-cinta-de-noticias","category-la-realidad-de-los-acontecimientos-en-siria","category-minuto-a-minuto","category-locales","category-slide"],"_links":{"self":[{"href":"https:\/\/archive.sana.sy\/es\/index.php?rest_route=\/wp\/v2\/posts\/327925"}],"collection":[{"href":"https:\/\/archive.sana.sy\/es\/index.php?rest_route=\/wp\/v2\/posts"}],"about":[{"href":"https:\/\/archive.sana.sy\/es\/index.php?rest_route=\/wp\/v2\/types\/post"}],"author":[{"embeddable":true,"href":"https:\/\/archive.sana.sy\/es\/index.php?rest_route=\/wp\/v2\/users\/34"}],"replies":[{"embeddable":true,"href":"https:\/\/archive.sana.sy\/es\/index.php?rest_route=%2Fwp%2Fv2%2Fcomments&post=327925"}],"version-history":[{"count":1,"href":"https:\/\/archive.sana.sy\/es\/index.php?rest_route=\/wp\/v2\/posts\/327925\/revisions"}],"predecessor-version":[{"id":327927,"href":"https:\/\/archive.sana.sy\/es\/index.php?rest_route=\/wp\/v2\/posts\/327925\/revisions\/327927"}],"wp:featuredmedia":[{"embeddable":true,"href":"https:\/\/archive.sana.sy\/es\/index.php?rest_route=\/wp\/v2\/media\/327926"}],"wp:attachment":[{"href":"https:\/\/archive.sana.sy\/es\/index.php?rest_route=%2Fwp%2Fv2%2Fmedia&parent=327925"}],"wp:term":[{"taxonomy":"category","embeddable":true,"href":"https:\/\/archive.sana.sy\/es\/index.php?rest_route=%2Fwp%2Fv2%2Fcategories&post=327925"},{"taxonomy":"post_tag","embeddable":true,"href":"https:\/\/archive.sana.sy\/es\/index.php?rest_route=%2Fwp%2Fv2%2Ftags&post=327925"}],"curies":[{"name":"wp","href":"https:\/\/api.w.org\/{rel}","templated":true}]}}