{"id":327928,"date":"2024-04-28T15:31:23","date_gmt":"2024-04-28T12:31:23","guid":{"rendered":"https:\/\/sana.sy\/es\/?p=327928"},"modified":"2024-04-29T05:56:53","modified_gmt":"2024-04-29T02:56:53","slug":"canciller-sirio-recibe-a-su-homologo-de-bahrein","status":"publish","type":"post","link":"https:\/\/archive.sana.sy\/es\/?p=327928","title":{"rendered":"Canciller sirio recibe a su hom\u00f3logo de Bahr\u00e9in"},"content":{"rendered":"<p style=\"text-align: justify;\"><span style=\"color: #800000;\"><strong>Damasco, 28 abr (SANA)\u00a0<\/strong><\/span> El ministro de Asuntos Exteriores y Expatriados, Faisal Al-Mekdad, recibi\u00f3 hoy en la sede de la Canciller\u00eda en esta capital, a su hom\u00f3logo del Reino de Bahr\u00e9in, Abdul Latif bin Rashid Al-Zayani\u2026<\/p>\n<p style=\"text-align: justify;\">Nota en desarrollo\u2026<\/p>\n<p style=\"text-align: justify;\"><img loading=\"lazy\" decoding=\"async\" class=\"alignnone size-full wp-image-327929\" src=\"http:\/\/sana.sy\/es\/wp-content\/uploads\/2024\/04\/438096768_1324443538428628_2330264628964311570_n-scaled.jpg\" alt=\"\" width=\"2560\" height=\"1247\" srcset=\"https:\/\/archive.sana.sy\/es\/wp-content\/uploads\/2024\/04\/438096768_1324443538428628_2330264628964311570_n-scaled.jpg 2560w, https:\/\/archive.sana.sy\/es\/wp-content\/uploads\/2024\/04\/438096768_1324443538428628_2330264628964311570_n-300x146.jpg 300w, https:\/\/archive.sana.sy\/es\/wp-content\/uploads\/2024\/04\/438096768_1324443538428628_2330264628964311570_n-1024x499.jpg 1024w, https:\/\/archive.sana.sy\/es\/wp-content\/uploads\/2024\/04\/438096768_1324443538428628_2330264628964311570_n-150x73.jpg 150w, https:\/\/archive.sana.sy\/es\/wp-content\/uploads\/2024\/04\/438096768_1324443538428628_2330264628964311570_n-768x374.jpg 768w, https:\/\/archive.sana.sy\/es\/wp-content\/uploads\/2024\/04\/438096768_1324443538428628_2330264628964311570_n-1536x748.jpg 1536w, https:\/\/archive.sana.sy\/es\/wp-content\/uploads\/2024\/04\/438096768_1324443538428628_2330264628964311570_n-2048x998.jpg 2048w\" sizes=\"(max-width: 2560px) 100vw, 2560px\" \/><\/p>\n","protected":false},"excerpt":{"rendered":"<p>Damasco, 28 abr (SANA)\u00a0 El ministro de Asuntos Exteriores y Expatriados, Faisal Al-Mekdad, recibi\u00f3 hoy en la sede de la Canciller\u00eda en esta capital, a su hom\u00f3logo del Reino de Bahr\u00e9in, Abdul Latif bin Rashid Al-Zayani\u2026 Nota en desarrollo\u2026<\/p>\n","protected":false},"author":34,"featured_media":327930,"comment_status":"closed","ping_status":"closed","sticky":false,"template":"","format":"standard","meta":{"footnotes":""},"categories":[447,597,20724,476,467],"tags":[],"class_list":["post-327928","post","type-post","status-publish","format-standard","has-post-thumbnail","","category-local-politica","category-cinta-de-noticias","category-minuto-a-minuto","category-locales","category-siria-y-el-mundo"],"_links":{"self":[{"href":"https:\/\/archive.sana.sy\/es\/index.php?rest_route=\/wp\/v2\/posts\/327928"}],"collection":[{"href":"https:\/\/archive.sana.sy\/es\/index.php?rest_route=\/wp\/v2\/posts"}],"about":[{"href":"https:\/\/archive.sana.sy\/es\/index.php?rest_route=\/wp\/v2\/types\/post"}],"author":[{"embeddable":true,"href":"https:\/\/archive.sana.sy\/es\/index.php?rest_route=\/wp\/v2\/users\/34"}],"replies":[{"embeddable":true,"href":"https:\/\/archive.sana.sy\/es\/index.php?rest_route=%2Fwp%2Fv2%2Fcomments&post=327928"}],"version-history":[{"count":1,"href":"https:\/\/archive.sana.sy\/es\/index.php?rest_route=\/wp\/v2\/posts\/327928\/revisions"}],"predecessor-version":[{"id":327931,"href":"https:\/\/archive.sana.sy\/es\/index.php?rest_route=\/wp\/v2\/posts\/327928\/revisions\/327931"}],"wp:featuredmedia":[{"embeddable":true,"href":"https:\/\/archive.sana.sy\/es\/index.php?rest_route=\/wp\/v2\/media\/327930"}],"wp:attachment":[{"href":"https:\/\/archive.sana.sy\/es\/index.php?rest_route=%2Fwp%2Fv2%2Fmedia&parent=327928"}],"wp:term":[{"taxonomy":"category","embeddable":true,"href":"https:\/\/archive.sana.sy\/es\/index.php?rest_route=%2Fwp%2Fv2%2Fcategories&post=327928"},{"taxonomy":"post_tag","embeddable":true,"href":"https:\/\/archive.sana.sy\/es\/index.php?rest_route=%2Fwp%2Fv2%2Ftags&post=327928"}],"curies":[{"name":"wp","href":"https:\/\/api.w.org\/{rel}","templated":true}]}}