{"id":327932,"date":"2024-04-28T16:13:42","date_gmt":"2024-04-28T13:13:42","guid":{"rendered":"https:\/\/sana.sy\/es\/?p=327932"},"modified":"2024-04-28T16:13:42","modified_gmt":"2024-04-28T13:13:42","slug":"siria-y-emiratos-arabes-unidos-analizan-perspectivas-de-desarrollar-las-relaciones-en-el-ambito-de-la-salud","status":"publish","type":"post","link":"https:\/\/archive.sana.sy\/es\/?p=327932","title":{"rendered":"Siria y Emiratos \u00c1rabes Unidos analizan perspectivas de desarrollar las relaciones en el \u00e1mbito de la salud"},"content":{"rendered":"<p style=\"text-align: justify;\"><span style=\"color: #800000;\"><strong>Damasco, 28 abr (SANA)\u00a0\u00a0<\/strong><\/span> El ministro sirio de Salud, Hassan Al-Ghobash, repas\u00f3 con el embajador de Emiratos \u00c1rabes Unidos (EAU) en Damasco, Hassan Ahmed Al-Shehi, las formas de impulsar la cooperaci\u00f3n bilateral en el \u00e1mbito de salud y sus servicios.<\/p>\n<p style=\"text-align: justify;\">Durante una reuni\u00f3n celebrada en el edificio del Ministerio en Damasco, Al-Ghobash destac\u00f3 las profundas y s\u00f3lidas relaciones entre los dos pa\u00edses en \u00a0todos los niveles.<\/p>\n<p style=\"text-align: justify;\">Se refiri\u00f3 al apoyo de Abu Dabi al sector de salud en Siria, especialmente despu\u00e9s del desastre del terremoto y la pandemia de la Covid-19.<\/p>\n<p style=\"text-align: justify;\">Por su parte, el embajador de EAU llam\u00f3 la atenci\u00f3n sobre las relaciones bilaterales entre los dos pa\u00edses y destac\u00f3 el inter\u00e9s de los Emiratos \u00c1rabes Unidos por fortalecer y desarrollar las relaciones conjuntas en beneficio de los dos pueblos hermanos.<\/p>\n<p style=\"text-align: justify;\">fm<\/p>\n","protected":false},"excerpt":{"rendered":"<p>Damasco, 28 abr (SANA)\u00a0\u00a0 El ministro sirio de Salud, Hassan Al-Ghobash, repas\u00f3 con el embajador de Emiratos \u00c1rabes Unidos (EAU) en Damasco, Hassan Ahmed Al-Shehi, las formas de impulsar la cooperaci\u00f3n bilateral en el \u00e1mbito de salud y sus servicios. Durante una reuni\u00f3n celebrada en el edificio del Ministerio en Damasco, Al-Ghobash destac\u00f3 las profundas &hellip;<\/p>\n","protected":false},"author":34,"featured_media":327933,"comment_status":"closed","ping_status":"closed","sticky":false,"template":"","format":"standard","meta":{"footnotes":""},"categories":[597,20724,467,7541],"tags":[],"class_list":["post-327932","post","type-post","status-publish","format-standard","has-post-thumbnail","","category-cinta-de-noticias","category-minuto-a-minuto","category-siria-y-el-mundo","category-ultimas-noticias"],"_links":{"self":[{"href":"https:\/\/archive.sana.sy\/es\/index.php?rest_route=\/wp\/v2\/posts\/327932"}],"collection":[{"href":"https:\/\/archive.sana.sy\/es\/index.php?rest_route=\/wp\/v2\/posts"}],"about":[{"href":"https:\/\/archive.sana.sy\/es\/index.php?rest_route=\/wp\/v2\/types\/post"}],"author":[{"embeddable":true,"href":"https:\/\/archive.sana.sy\/es\/index.php?rest_route=\/wp\/v2\/users\/34"}],"replies":[{"embeddable":true,"href":"https:\/\/archive.sana.sy\/es\/index.php?rest_route=%2Fwp%2Fv2%2Fcomments&post=327932"}],"version-history":[{"count":1,"href":"https:\/\/archive.sana.sy\/es\/index.php?rest_route=\/wp\/v2\/posts\/327932\/revisions"}],"predecessor-version":[{"id":327934,"href":"https:\/\/archive.sana.sy\/es\/index.php?rest_route=\/wp\/v2\/posts\/327932\/revisions\/327934"}],"wp:featuredmedia":[{"embeddable":true,"href":"https:\/\/archive.sana.sy\/es\/index.php?rest_route=\/wp\/v2\/media\/327933"}],"wp:attachment":[{"href":"https:\/\/archive.sana.sy\/es\/index.php?rest_route=%2Fwp%2Fv2%2Fmedia&parent=327932"}],"wp:term":[{"taxonomy":"category","embeddable":true,"href":"https:\/\/archive.sana.sy\/es\/index.php?rest_route=%2Fwp%2Fv2%2Fcategories&post=327932"},{"taxonomy":"post_tag","embeddable":true,"href":"https:\/\/archive.sana.sy\/es\/index.php?rest_route=%2Fwp%2Fv2%2Ftags&post=327932"}],"curies":[{"name":"wp","href":"https:\/\/api.w.org\/{rel}","templated":true}]}}