{"id":327939,"date":"2024-04-28T17:47:58","date_gmt":"2024-04-28T14:47:58","guid":{"rendered":"https:\/\/sana.sy\/es\/?p=327939"},"modified":"2024-04-28T17:47:58","modified_gmt":"2024-04-28T14:47:58","slug":"presidente-al-assad-recibe-al-canciller-de-bahrein","status":"publish","type":"post","link":"https:\/\/archive.sana.sy\/es\/?p=327939","title":{"rendered":"Presidente Al-Assad recibe al Canciller de Bahr\u00e9in"},"content":{"rendered":"<p style=\"text-align: justify;\"><span style=\"color: #800000;\"><strong>Damasco, 28 abr (SANA)\u00a0<\/strong><\/span> \u00a0El presidente sirio Bashar Al-Assad recibi\u00f3 hoy al ministro de Asuntos Exteriores del Reino de Bahr\u00e9in, Abdullatif bin Rashid Al Zayani.<\/p>\n<p style=\"text-align: justify;\">Durante el encuentro, las dos partes abordaron las formas de desarrollar las relaciones bilaterales entre los dos pa\u00edses en beneficio de los dos pueblos hermanos.<\/p>\n<p style=\"text-align: justify;\">Las conversaciones se centraron tambi\u00e9n en los preparativos que lleva a cabo el Reino de Bahr\u00e9in para el \u00e9xito de la Cumbre \u00c1rabe prevista para el pr\u00f3ximo mes de mayo.<\/p>\n<p style=\"text-align: justify;\">Asimismo, se examinaron los temas m\u00e1s importantes de la agenda de la Cumbre en servicio a los intereses \u00e1rabes comunes para enfrentar los desaf\u00edos actuales.<\/p>\n<p style=\"text-align: justify;\">El presidente Al-Assad destac\u00f3 la importancia del fortalecimiento de la solidaridad \u00e1rabe y la acci\u00f3n conjunta para lograr la estabilidad en la regi\u00f3n.<\/p>\n<p style=\"text-align: justify;\">Anteriormente, el ministro de Asuntos Exteriores y Expatriados, Faisal Al-Mekdad, hab\u00eda recibido en la sede de la Canciller\u00eda en esta capital, a su hom\u00f3logo del Reino de Bahr\u00e9in.<\/p>\n<p style=\"text-align: justify;\">rr\/fm<\/p>\n<div id='gallery-1' class='gallery galleryid-327939 gallery-columns-1 gallery-size-full'><figure class='gallery-item'>\n\t\t\t<div class='gallery-icon landscape'>\n\t\t\t\t<a href='https:\/\/archive.sana.sy\/es\/wp-content\/uploads\/2024\/04\/24_04_28_MP_\u0627\u0633\u062a\u0642\u0628\u0627\u0644_\u0648\u0632\u064a\u0631_\u062e\u0627\u0631\u062c\u064a\u0629_\u0627\u0644\u0628\u062d\u0631\u064a\u0646_11.jpg'><img loading=\"lazy\" decoding=\"async\" width=\"1200\" height=\"568\" src=\"https:\/\/archive.sana.sy\/es\/wp-content\/uploads\/2024\/04\/24_04_28_MP_\u0627\u0633\u062a\u0642\u0628\u0627\u0644_\u0648\u0632\u064a\u0631_\u062e\u0627\u0631\u062c\u064a\u0629_\u0627\u0644\u0628\u062d\u0631\u064a\u0646_11.jpg\" class=\"attachment-full size-full\" alt=\"\" srcset=\"https:\/\/archive.sana.sy\/es\/wp-content\/uploads\/2024\/04\/24_04_28_MP_\u0627\u0633\u062a\u0642\u0628\u0627\u0644_\u0648\u0632\u064a\u0631_\u062e\u0627\u0631\u062c\u064a\u0629_\u0627\u0644\u0628\u062d\u0631\u064a\u0646_11.jpg 1200w, https:\/\/archive.sana.sy\/es\/wp-content\/uploads\/2024\/04\/24_04_28_MP_\u0627\u0633\u062a\u0642\u0628\u0627\u0644_\u0648\u0632\u064a\u0631_\u062e\u0627\u0631\u062c\u064a\u0629_\u0627\u0644\u0628\u062d\u0631\u064a\u0646_11-300x142.jpg 300w, https:\/\/archive.sana.sy\/es\/wp-content\/uploads\/2024\/04\/24_04_28_MP_\u0627\u0633\u062a\u0642\u0628\u0627\u0644_\u0648\u0632\u064a\u0631_\u062e\u0627\u0631\u062c\u064a\u0629_\u0627\u0644\u0628\u062d\u0631\u064a\u0646_11-1024x485.jpg 1024w, https:\/\/archive.sana.sy\/es\/wp-content\/uploads\/2024\/04\/24_04_28_MP_\u0627\u0633\u062a\u0642\u0628\u0627\u0644_\u0648\u0632\u064a\u0631_\u062e\u0627\u0631\u062c\u064a\u0629_\u0627\u0644\u0628\u062d\u0631\u064a\u0646_11-150x71.jpg 150w, https:\/\/archive.sana.sy\/es\/wp-content\/uploads\/2024\/04\/24_04_28_MP_\u0627\u0633\u062a\u0642\u0628\u0627\u0644_\u0648\u0632\u064a\u0631_\u062e\u0627\u0631\u062c\u064a\u0629_\u0627\u0644\u0628\u062d\u0631\u064a\u0646_11-768x364.jpg 768w\" sizes=\"(max-width: 1200px) 100vw, 1200px\" \/><\/a>\n\t\t\t<\/div><\/figure><figure class='gallery-item'>\n\t\t\t<div class='gallery-icon portrait'>\n\t\t\t\t<a href='https:\/\/archive.sana.sy\/es\/wp-content\/uploads\/2024\/04\/24_04_28_MP_\u0627\u0633\u062a\u0642\u0628\u0627\u0644_\u0648\u0632\u064a\u0631_\u062e\u0627\u0631\u062c\u064a\u0629_\u0627\u0644\u0628\u062d\u0631\u064a\u0646_4.jpg'><img loading=\"lazy\" decoding=\"async\" width=\"1200\" height=\"1389\" src=\"https:\/\/archive.sana.sy\/es\/wp-content\/uploads\/2024\/04\/24_04_28_MP_\u0627\u0633\u062a\u0642\u0628\u0627\u0644_\u0648\u0632\u064a\u0631_\u062e\u0627\u0631\u062c\u064a\u0629_\u0627\u0644\u0628\u062d\u0631\u064a\u0646_4.jpg\" class=\"attachment-full size-full\" alt=\"\" srcset=\"https:\/\/archive.sana.sy\/es\/wp-content\/uploads\/2024\/04\/24_04_28_MP_\u0627\u0633\u062a\u0642\u0628\u0627\u0644_\u0648\u0632\u064a\u0631_\u062e\u0627\u0631\u062c\u064a\u0629_\u0627\u0644\u0628\u062d\u0631\u064a\u0646_4.jpg 1200w, https:\/\/archive.sana.sy\/es\/wp-content\/uploads\/2024\/04\/24_04_28_MP_\u0627\u0633\u062a\u0642\u0628\u0627\u0644_\u0648\u0632\u064a\u0631_\u062e\u0627\u0631\u062c\u064a\u0629_\u0627\u0644\u0628\u062d\u0631\u064a\u0646_4-259x300.jpg 259w, https:\/\/archive.sana.sy\/es\/wp-content\/uploads\/2024\/04\/24_04_28_MP_\u0627\u0633\u062a\u0642\u0628\u0627\u0644_\u0648\u0632\u064a\u0631_\u062e\u0627\u0631\u062c\u064a\u0629_\u0627\u0644\u0628\u062d\u0631\u064a\u0646_4-885x1024.jpg 885w, https:\/\/archive.sana.sy\/es\/wp-content\/uploads\/2024\/04\/24_04_28_MP_\u0627\u0633\u062a\u0642\u0628\u0627\u0644_\u0648\u0632\u064a\u0631_\u062e\u0627\u0631\u062c\u064a\u0629_\u0627\u0644\u0628\u062d\u0631\u064a\u0646_4-130x150.jpg 130w, https:\/\/archive.sana.sy\/es\/wp-content\/uploads\/2024\/04\/24_04_28_MP_\u0627\u0633\u062a\u0642\u0628\u0627\u0644_\u0648\u0632\u064a\u0631_\u062e\u0627\u0631\u062c\u064a\u0629_\u0627\u0644\u0628\u062d\u0631\u064a\u0646_4-768x889.jpg 768w\" sizes=\"(max-width: 1200px) 100vw, 1200px\" \/><\/a>\n\t\t\t<\/div><\/figure><figure class='gallery-item'>\n\t\t\t<div class='gallery-icon landscape'>\n\t\t\t\t<a href='https:\/\/archive.sana.sy\/es\/wp-content\/uploads\/2024\/04\/24_04_28_MP_\u0627\u0633\u062a\u0642\u0628\u0627\u0644_\u0648\u0632\u064a\u0631_\u062e\u0627\u0631\u062c\u064a\u0629_\u0627\u0644\u0628\u062d\u0631\u064a\u0646_23.jpg'><img loading=\"lazy\" decoding=\"async\" width=\"1200\" height=\"1084\" src=\"https:\/\/archive.sana.sy\/es\/wp-content\/uploads\/2024\/04\/24_04_28_MP_\u0627\u0633\u062a\u0642\u0628\u0627\u0644_\u0648\u0632\u064a\u0631_\u062e\u0627\u0631\u062c\u064a\u0629_\u0627\u0644\u0628\u062d\u0631\u064a\u0646_23.jpg\" class=\"attachment-full size-full\" alt=\"\" srcset=\"https:\/\/archive.sana.sy\/es\/wp-content\/uploads\/2024\/04\/24_04_28_MP_\u0627\u0633\u062a\u0642\u0628\u0627\u0644_\u0648\u0632\u064a\u0631_\u062e\u0627\u0631\u062c\u064a\u0629_\u0627\u0644\u0628\u062d\u0631\u064a\u0646_23.jpg 1200w, https:\/\/archive.sana.sy\/es\/wp-content\/uploads\/2024\/04\/24_04_28_MP_\u0627\u0633\u062a\u0642\u0628\u0627\u0644_\u0648\u0632\u064a\u0631_\u062e\u0627\u0631\u062c\u064a\u0629_\u0627\u0644\u0628\u062d\u0631\u064a\u0646_23-300x271.jpg 300w, https:\/\/archive.sana.sy\/es\/wp-content\/uploads\/2024\/04\/24_04_28_MP_\u0627\u0633\u062a\u0642\u0628\u0627\u0644_\u0648\u0632\u064a\u0631_\u062e\u0627\u0631\u062c\u064a\u0629_\u0627\u0644\u0628\u062d\u0631\u064a\u0646_23-1024x925.jpg 1024w, https:\/\/archive.sana.sy\/es\/wp-content\/uploads\/2024\/04\/24_04_28_MP_\u0627\u0633\u062a\u0642\u0628\u0627\u0644_\u0648\u0632\u064a\u0631_\u062e\u0627\u0631\u062c\u064a\u0629_\u0627\u0644\u0628\u062d\u0631\u064a\u0646_23-150x136.jpg 150w, https:\/\/archive.sana.sy\/es\/wp-content\/uploads\/2024\/04\/24_04_28_MP_\u0627\u0633\u062a\u0642\u0628\u0627\u0644_\u0648\u0632\u064a\u0631_\u062e\u0627\u0631\u062c\u064a\u0629_\u0627\u0644\u0628\u062d\u0631\u064a\u0646_23-768x694.jpg 768w\" sizes=\"(max-width: 1200px) 100vw, 1200px\" \/><\/a>\n\t\t\t<\/div><\/figure>\n\t\t<\/div>\n\n","protected":false},"excerpt":{"rendered":"<p>Damasco, 28 abr (SANA)\u00a0 \u00a0El presidente sirio Bashar Al-Assad recibi\u00f3 hoy al ministro de Asuntos Exteriores del Reino de Bahr\u00e9in, Abdullatif bin Rashid Al Zayani. Durante el encuentro, las dos partes abordaron las formas de desarrollar las relaciones bilaterales entre los dos pa\u00edses en beneficio de los dos pueblos hermanos. Las conversaciones se centraron tambi\u00e9n &hellip;<\/p>\n","protected":false},"author":31,"featured_media":327940,"comment_status":"closed","ping_status":"closed","sticky":false,"template":"","format":"standard","meta":{"footnotes":""},"categories":[597,476,16237,583],"tags":[20087,20333,6553],"class_list":["post-327939","post","type-post","status-publish","format-standard","has-post-thumbnail","","category-cinta-de-noticias","category-locales","category-presidence-de-la-republique-arabe-syria","category-slide","tag-bahrein","tag-cumbre-arabe","tag-siria"],"_links":{"self":[{"href":"https:\/\/archive.sana.sy\/es\/index.php?rest_route=\/wp\/v2\/posts\/327939"}],"collection":[{"href":"https:\/\/archive.sana.sy\/es\/index.php?rest_route=\/wp\/v2\/posts"}],"about":[{"href":"https:\/\/archive.sana.sy\/es\/index.php?rest_route=\/wp\/v2\/types\/post"}],"author":[{"embeddable":true,"href":"https:\/\/archive.sana.sy\/es\/index.php?rest_route=\/wp\/v2\/users\/31"}],"replies":[{"embeddable":true,"href":"https:\/\/archive.sana.sy\/es\/index.php?rest_route=%2Fwp%2Fv2%2Fcomments&post=327939"}],"version-history":[{"count":1,"href":"https:\/\/archive.sana.sy\/es\/index.php?rest_route=\/wp\/v2\/posts\/327939\/revisions"}],"predecessor-version":[{"id":327944,"href":"https:\/\/archive.sana.sy\/es\/index.php?rest_route=\/wp\/v2\/posts\/327939\/revisions\/327944"}],"wp:featuredmedia":[{"embeddable":true,"href":"https:\/\/archive.sana.sy\/es\/index.php?rest_route=\/wp\/v2\/media\/327940"}],"wp:attachment":[{"href":"https:\/\/archive.sana.sy\/es\/index.php?rest_route=%2Fwp%2Fv2%2Fmedia&parent=327939"}],"wp:term":[{"taxonomy":"category","embeddable":true,"href":"https:\/\/archive.sana.sy\/es\/index.php?rest_route=%2Fwp%2Fv2%2Fcategories&post=327939"},{"taxonomy":"post_tag","embeddable":true,"href":"https:\/\/archive.sana.sy\/es\/index.php?rest_route=%2Fwp%2Fv2%2Ftags&post=327939"}],"curies":[{"name":"wp","href":"https:\/\/api.w.org\/{rel}","templated":true}]}}