{"id":327945,"date":"2024-04-28T19:57:38","date_gmt":"2024-04-28T16:57:38","guid":{"rendered":"https:\/\/sana.sy\/es\/?p=327945"},"modified":"2024-04-28T19:57:38","modified_gmt":"2024-04-28T16:57:38","slug":"siria-participa-en-la-conferencia-internacional-sobre-el-agua-en-bagdad","status":"publish","type":"post","link":"https:\/\/archive.sana.sy\/es\/?p=327945","title":{"rendered":"Siria participa en la Conferencia Internacional sobre el Agua en Bagdad"},"content":{"rendered":"<p style=\"text-align: justify;\"><span style=\"color: #800000;\"><strong>Bagdad, 28 abr (SANA)\u00a0<\/strong> <\/span>\u00a0La IV Conferencia Internacional sobre el Agua comenz\u00f3 hoy en la capital iraqu\u00ed, Bagdad, bajo el lema \u201cPor un futuro mejor para el agua, juntos podemos\u201d.<\/p>\n<p style=\"text-align: justify;\">Este evento pretende mejorar la gesti\u00f3n del agua, ya que este tema es una de las bases m\u00e1s importantes para fortalecer las relaciones internacionales.<\/p>\n<p style=\"text-align: justify;\"><img loading=\"lazy\" decoding=\"async\" class=\"size-medium wp-image-327947 alignleft\" src=\"http:\/\/sana.sy\/es\/wp-content\/uploads\/2024\/04\/photo_2024-04-28_17-45-30-2-300x169.jpg\" alt=\"\" width=\"300\" height=\"169\" srcset=\"https:\/\/archive.sana.sy\/es\/wp-content\/uploads\/2024\/04\/photo_2024-04-28_17-45-30-2-300x169.jpg 300w, https:\/\/archive.sana.sy\/es\/wp-content\/uploads\/2024\/04\/photo_2024-04-28_17-45-30-2-150x84.jpg 150w, https:\/\/archive.sana.sy\/es\/wp-content\/uploads\/2024\/04\/photo_2024-04-28_17-45-30-2.jpg 660w\" sizes=\"(max-width: 300px) 100vw, 300px\" \/>\u201cLa cooperaci\u00f3n hidr\u00e1ulica es una necesidad a la luz de la interconexi\u00f3n entre las cuestiones relacionadas con el agua y todos los desaf\u00edos que enfrentamos\u201d, dijo el ministro de Recursos H\u00eddricos de Siria, Hussein Makhlouf, en su discurso en la sesi\u00f3n inaugural de la Conferencia.<\/p>\n<p style=\"text-align: justify;\">Inst\u00f3 a los pa\u00edses a \u201ctrabajar juntos para proporcionar el agua de manera sostenible al menor costo posible en l\u00ednea con un crecimiento demogr\u00e1fico constante y un desarrollo integral\u201d.<\/p>\n<p style=\"text-align: justify;\">\u201cSiria valora mucho la cooperaci\u00f3n en el \u00e1mbito de los recursos h\u00eddricos de acuerdo con el derecho internacional para preservar los derechos sobre el agua y lograr la seguridad h\u00eddrica, y siempre ha alentado todas las formas de solidaridad y acci\u00f3n conjunta al respecto\u201d, agreg\u00f3.<\/p>\n<p style=\"text-align: justify;\">Afirm\u00f3 el compromiso de Damasco con los acuerdos internacionales sobre el agua con los pa\u00edses vecinos y la b\u00fasqueda de obtener partes justas y equitativas del agua de los r\u00edos internacionales de forma permanente para evitar los efectos negativos sobre la agricultura, el desarrollo, el medio ambiente y la salud.<\/p>\n<p style=\"text-align: justify;\">A lo largo de tres d\u00edas, la Conferencia estudiar\u00e1 la participaci\u00f3n en la gesti\u00f3n de los recursos h\u00eddricos, el papel de la diplomacia y el desarrollo sostenible de los recursos h\u00eddricos, para lograr la prosperidad y preservar el ecosistema, adem\u00e1s de abordar los desaf\u00edos del cambio clim\u00e1tico y las soluciones para la adaptaci\u00f3n hacia un futuro con mayor seguridad h\u00eddrica.<\/p>\n<div id='gallery-1' class='gallery galleryid-327945 gallery-columns-2 gallery-size-medium'><figure class='gallery-item'>\n\t\t\t<div class='gallery-icon landscape'>\n\t\t\t\t<a href='https:\/\/archive.sana.sy\/es\/wp-content\/uploads\/2024\/04\/photo_2024-04-28_17-45-32-2.jpg'><img loading=\"lazy\" decoding=\"async\" width=\"300\" height=\"169\" src=\"https:\/\/archive.sana.sy\/es\/wp-content\/uploads\/2024\/04\/photo_2024-04-28_17-45-32-2-300x169.jpg\" class=\"attachment-medium size-medium\" alt=\"\" srcset=\"https:\/\/archive.sana.sy\/es\/wp-content\/uploads\/2024\/04\/photo_2024-04-28_17-45-32-2-300x169.jpg 300w, https:\/\/archive.sana.sy\/es\/wp-content\/uploads\/2024\/04\/photo_2024-04-28_17-45-32-2-150x84.jpg 150w, https:\/\/archive.sana.sy\/es\/wp-content\/uploads\/2024\/04\/photo_2024-04-28_17-45-32-2.jpg 660w\" sizes=\"(max-width: 300px) 100vw, 300px\" \/><\/a>\n\t\t\t<\/div><\/figure><figure class='gallery-item'>\n\t\t\t<div class='gallery-icon landscape'>\n\t\t\t\t<a href='https:\/\/archive.sana.sy\/es\/wp-content\/uploads\/2024\/04\/photo_2024-04-28_18-19-53.jpg'><img loading=\"lazy\" decoding=\"async\" width=\"300\" height=\"169\" src=\"https:\/\/archive.sana.sy\/es\/wp-content\/uploads\/2024\/04\/photo_2024-04-28_18-19-53-300x169.jpg\" class=\"attachment-medium size-medium\" alt=\"\" srcset=\"https:\/\/archive.sana.sy\/es\/wp-content\/uploads\/2024\/04\/photo_2024-04-28_18-19-53-300x169.jpg 300w, https:\/\/archive.sana.sy\/es\/wp-content\/uploads\/2024\/04\/photo_2024-04-28_18-19-53-150x84.jpg 150w, https:\/\/archive.sana.sy\/es\/wp-content\/uploads\/2024\/04\/photo_2024-04-28_18-19-53.jpg 660w\" sizes=\"(max-width: 300px) 100vw, 300px\" \/><\/a>\n\t\t\t<\/div><\/figure>\n\t\t<\/div>\n\n<p>&nbsp;<\/p>\n<p style=\"text-align: justify;\">rr\/fm<\/p>\n","protected":false},"excerpt":{"rendered":"<p>Bagdad, 28 abr (SANA)\u00a0 \u00a0La IV Conferencia Internacional sobre el Agua comenz\u00f3 hoy en la capital iraqu\u00ed, Bagdad, bajo el lema \u201cPor un futuro mejor para el agua, juntos podemos\u201d. Este evento pretende mejorar la gesti\u00f3n del agua, ya que este tema es una de las bases m\u00e1s importantes para fortalecer las relaciones internacionales. \u201cLa &hellip;<\/p>\n","protected":false},"author":31,"featured_media":327946,"comment_status":"closed","ping_status":"closed","sticky":false,"template":"","format":"standard","meta":{"footnotes":""},"categories":[597,467,7541],"tags":[19656,9178,19963,5835,6553],"class_list":["post-327945","post","type-post","status-publish","format-standard","has-post-thumbnail","","category-cinta-de-noticias","category-siria-y-el-mundo","category-ultimas-noticias","tag-agua","tag-bagdad","tag-conferencia","tag-iraq","tag-siria"],"_links":{"self":[{"href":"https:\/\/archive.sana.sy\/es\/index.php?rest_route=\/wp\/v2\/posts\/327945"}],"collection":[{"href":"https:\/\/archive.sana.sy\/es\/index.php?rest_route=\/wp\/v2\/posts"}],"about":[{"href":"https:\/\/archive.sana.sy\/es\/index.php?rest_route=\/wp\/v2\/types\/post"}],"author":[{"embeddable":true,"href":"https:\/\/archive.sana.sy\/es\/index.php?rest_route=\/wp\/v2\/users\/31"}],"replies":[{"embeddable":true,"href":"https:\/\/archive.sana.sy\/es\/index.php?rest_route=%2Fwp%2Fv2%2Fcomments&post=327945"}],"version-history":[{"count":1,"href":"https:\/\/archive.sana.sy\/es\/index.php?rest_route=\/wp\/v2\/posts\/327945\/revisions"}],"predecessor-version":[{"id":327950,"href":"https:\/\/archive.sana.sy\/es\/index.php?rest_route=\/wp\/v2\/posts\/327945\/revisions\/327950"}],"wp:featuredmedia":[{"embeddable":true,"href":"https:\/\/archive.sana.sy\/es\/index.php?rest_route=\/wp\/v2\/media\/327946"}],"wp:attachment":[{"href":"https:\/\/archive.sana.sy\/es\/index.php?rest_route=%2Fwp%2Fv2%2Fmedia&parent=327945"}],"wp:term":[{"taxonomy":"category","embeddable":true,"href":"https:\/\/archive.sana.sy\/es\/index.php?rest_route=%2Fwp%2Fv2%2Fcategories&post=327945"},{"taxonomy":"post_tag","embeddable":true,"href":"https:\/\/archive.sana.sy\/es\/index.php?rest_route=%2Fwp%2Fv2%2Ftags&post=327945"}],"curies":[{"name":"wp","href":"https:\/\/api.w.org\/{rel}","templated":true}]}}