{"id":327990,"date":"2024-04-29T15:58:58","date_gmt":"2024-04-29T12:58:58","guid":{"rendered":"https:\/\/sana.sy\/es\/?p=327990"},"modified":"2024-04-29T15:58:58","modified_gmt":"2024-04-29T12:58:58","slug":"aumentan-protestas-pro-palestinas-en-universitarios-estadounidenses-y-la-policia-arresta-a-unos-900-estudiantes","status":"publish","type":"post","link":"https:\/\/archive.sana.sy\/es\/?p=327990","title":{"rendered":"Aumentan protestas pro palestinas en universitarios estadounidenses y la polic\u00eda arresta a unos 900 estudiantes"},"content":{"rendered":"<p style=\"text-align: justify;\"><span style=\"color: #800000;\"><strong>Washington, 29 abr (SANA)<\/strong> <\/span>Medios de prensa reportaron un aumento de las protestas protagonizadas por estudiantes universitarios en Estados Unidos para denunciar la continua agresi\u00f3n contra la Franja de Gaza y el apoyo brindado por la administraci\u00f3n estadounidense a Israel.<\/p>\n<p style=\"text-align: justify;\">Los organizadores de las manifestaciones anunciaron su intenci\u00f3n de intensificar sus movimientos para hacer escuchar la voz de la opini\u00f3n p\u00fablica a la administraci\u00f3n del presidente Joe Biden.<\/p>\n<p style=\"text-align: justify;\">La polic\u00eda estadounidense arrest\u00f3 a unas 275 personas en varias universidades, entre ellas la Universidad de Indiana en Bloomington, la Universidad Estatal de Arizona y la Universidad de Washington en St. Louis, mientras que el n\u00famero de detenidos, seg\u00fan organizaciones de derechos humanos en varias partes del pa\u00eds, se acerc\u00f3 a las 900 personas.<\/p>\n<p style=\"text-align: justify;\">Mientras tanto, la polic\u00eda de Nueva York desmantel\u00f3 un campamento de protesta pro palestino en la Universidad de Columbia.<\/p>\n<p style=\"text-align: justify;\">Los organizadores subrayaron que su movimiento es y est\u00e1 destinado a defender los derechos de los palestinos y a denunciar la agresi\u00f3n israel\u00ed.<\/p>\n<p style=\"text-align: justify;\">fm\/ed<\/p>\n","protected":false},"excerpt":{"rendered":"<p>Washington, 29 abr (SANA) Medios de prensa reportaron un aumento de las protestas protagonizadas por estudiantes universitarios en Estados Unidos para denunciar la continua agresi\u00f3n contra la Franja de Gaza y el apoyo brindado por la administraci\u00f3n estadounidense a Israel. Los organizadores de las manifestaciones anunciaron su intenci\u00f3n de intensificar sus movimientos para hacer escuchar &hellip;<\/p>\n","protected":false},"author":32,"featured_media":327991,"comment_status":"closed","ping_status":"closed","sticky":false,"template":"","format":"standard","meta":{"footnotes":""},"categories":[597,456,20724,7541],"tags":[],"class_list":["post-327990","post","type-post","status-publish","format-standard","has-post-thumbnail","","category-cinta-de-noticias","category-arabe-internacional-politica","category-minuto-a-minuto","category-ultimas-noticias"],"_links":{"self":[{"href":"https:\/\/archive.sana.sy\/es\/index.php?rest_route=\/wp\/v2\/posts\/327990"}],"collection":[{"href":"https:\/\/archive.sana.sy\/es\/index.php?rest_route=\/wp\/v2\/posts"}],"about":[{"href":"https:\/\/archive.sana.sy\/es\/index.php?rest_route=\/wp\/v2\/types\/post"}],"author":[{"embeddable":true,"href":"https:\/\/archive.sana.sy\/es\/index.php?rest_route=\/wp\/v2\/users\/32"}],"replies":[{"embeddable":true,"href":"https:\/\/archive.sana.sy\/es\/index.php?rest_route=%2Fwp%2Fv2%2Fcomments&post=327990"}],"version-history":[{"count":1,"href":"https:\/\/archive.sana.sy\/es\/index.php?rest_route=\/wp\/v2\/posts\/327990\/revisions"}],"predecessor-version":[{"id":327992,"href":"https:\/\/archive.sana.sy\/es\/index.php?rest_route=\/wp\/v2\/posts\/327990\/revisions\/327992"}],"wp:featuredmedia":[{"embeddable":true,"href":"https:\/\/archive.sana.sy\/es\/index.php?rest_route=\/wp\/v2\/media\/327991"}],"wp:attachment":[{"href":"https:\/\/archive.sana.sy\/es\/index.php?rest_route=%2Fwp%2Fv2%2Fmedia&parent=327990"}],"wp:term":[{"taxonomy":"category","embeddable":true,"href":"https:\/\/archive.sana.sy\/es\/index.php?rest_route=%2Fwp%2Fv2%2Fcategories&post=327990"},{"taxonomy":"post_tag","embeddable":true,"href":"https:\/\/archive.sana.sy\/es\/index.php?rest_route=%2Fwp%2Fv2%2Ftags&post=327990"}],"curies":[{"name":"wp","href":"https:\/\/api.w.org\/{rel}","templated":true}]}}