{"id":328041,"date":"2024-04-30T15:29:20","date_gmt":"2024-04-30T12:29:20","guid":{"rendered":"https:\/\/sana.sy\/es\/?p=328041"},"modified":"2024-04-30T15:29:20","modified_gmt":"2024-04-30T12:29:20","slug":"ataque-ruso-con-misiles-contra-posiciones-ucranianas","status":"publish","type":"post","link":"https:\/\/archive.sana.sy\/es\/?p=328041","title":{"rendered":"Ataque ruso con misiles contra posiciones ucranianas"},"content":{"rendered":"<p style=\"text-align: justify;\"><span style=\"color: #800000;\"><strong>Mosc\u00fa, 30 abr (SANA) <\/strong><\/span>El Ministerio de Defensa de Rusia inform\u00f3 que un helic\u00f3ptero Mi-35M lanz\u00f3 ataques contra posiciones ucranianas y neutraliz\u00f3 a un grupo militar, en la zona de la operaci\u00f3n militar especial.<\/p>\n<p style=\"text-align: justify;\">Asimismo, el ente castrense public\u00f3 las im\u00e1genes de un dron ruso llevando a cabo ataques con misiles contra las fuerzas ucranianas en el \u00e1rea de la operaci\u00f3n militar, logrando impactos precisos.<\/p>\n<p style=\"text-align: justify;\">La v\u00edspera, 22 drones ucranianos fueron derribados por la defensa a\u00e9rea rusa.<\/p>\n<p style=\"text-align: justify;\">as\/fm<\/p>\n","protected":false},"excerpt":{"rendered":"<p>Mosc\u00fa, 30 abr (SANA) El Ministerio de Defensa de Rusia inform\u00f3 que un helic\u00f3ptero Mi-35M lanz\u00f3 ataques contra posiciones ucranianas y neutraliz\u00f3 a un grupo militar, en la zona de la operaci\u00f3n militar especial. Asimismo, el ente castrense public\u00f3 las im\u00e1genes de un dron ruso llevando a cabo ataques con misiles contra las fuerzas ucranianas &hellip;<\/p>\n","protected":false},"author":42,"featured_media":328042,"comment_status":"closed","ping_status":"closed","sticky":false,"template":"","format":"standard","meta":{"footnotes":""},"categories":[597,456,16687,20724,7541],"tags":[],"class_list":["post-328041","post","type-post","status-publish","format-standard","has-post-thumbnail","","category-cinta-de-noticias","category-arabe-internacional-politica","category-internacionales","category-minuto-a-minuto","category-ultimas-noticias"],"_links":{"self":[{"href":"https:\/\/archive.sana.sy\/es\/index.php?rest_route=\/wp\/v2\/posts\/328041"}],"collection":[{"href":"https:\/\/archive.sana.sy\/es\/index.php?rest_route=\/wp\/v2\/posts"}],"about":[{"href":"https:\/\/archive.sana.sy\/es\/index.php?rest_route=\/wp\/v2\/types\/post"}],"author":[{"embeddable":true,"href":"https:\/\/archive.sana.sy\/es\/index.php?rest_route=\/wp\/v2\/users\/42"}],"replies":[{"embeddable":true,"href":"https:\/\/archive.sana.sy\/es\/index.php?rest_route=%2Fwp%2Fv2%2Fcomments&post=328041"}],"version-history":[{"count":1,"href":"https:\/\/archive.sana.sy\/es\/index.php?rest_route=\/wp\/v2\/posts\/328041\/revisions"}],"predecessor-version":[{"id":328043,"href":"https:\/\/archive.sana.sy\/es\/index.php?rest_route=\/wp\/v2\/posts\/328041\/revisions\/328043"}],"wp:featuredmedia":[{"embeddable":true,"href":"https:\/\/archive.sana.sy\/es\/index.php?rest_route=\/wp\/v2\/media\/328042"}],"wp:attachment":[{"href":"https:\/\/archive.sana.sy\/es\/index.php?rest_route=%2Fwp%2Fv2%2Fmedia&parent=328041"}],"wp:term":[{"taxonomy":"category","embeddable":true,"href":"https:\/\/archive.sana.sy\/es\/index.php?rest_route=%2Fwp%2Fv2%2Fcategories&post=328041"},{"taxonomy":"post_tag","embeddable":true,"href":"https:\/\/archive.sana.sy\/es\/index.php?rest_route=%2Fwp%2Fv2%2Ftags&post=328041"}],"curies":[{"name":"wp","href":"https:\/\/api.w.org\/{rel}","templated":true}]}}