{"id":328048,"date":"2024-04-30T17:23:19","date_gmt":"2024-04-30T14:23:19","guid":{"rendered":"https:\/\/sana.sy\/es\/?p=328048"},"modified":"2024-04-30T17:45:34","modified_gmt":"2024-04-30T14:45:34","slug":"siria-y-cuba-sostienen-conversaciones-parlamentarias","status":"publish","type":"post","link":"https:\/\/archive.sana.sy\/es\/?p=328048","title":{"rendered":"Siria y Cuba sostienen conversaciones parlamentarias"},"content":{"rendered":"<blockquote>\n<p style=\"text-align: justify\"><span style=\"color: #993300\">El diputado Muhammad Jray, jefe del Grupo Parlamentario de Amistad Siria-Cuba, expres\u00f3 su condena al bloqueo estadounidense contra Cuba desde hace m\u00e1s de sesenta a\u00f1os, y agradeci\u00f3 a la isla por sus posiciones de apoyo a Siria en los foros internacionales.<\/span><\/p>\n<\/blockquote>\n<p style=\"text-align: justify\"><span style=\"color: #800000\"><strong>La Habana, 30 abr (SANA)<\/strong><\/span> Una delegaci\u00f3n de la Asamblea del Pueblo (parlamento) de Siria, encabezada por el diputado Muhammad Jray, jefe del Grupo Parlamentario de Amistad Siria-Cuba, sostuvo conversaciones con el Presidente del Grupo de Amistad Cuba-Siria en la Asamblea del Poder Popular de Cuba, Miguel Enrique Charbonnet.<\/p>\n<p style=\"text-align: justify\">Durante el encuentro, que tuvo lugar en la sede del Parlamento cubano (el Capitolio), las dos partes abordaron el fortalecimiento de las relaciones parlamentarias entre los dos pa\u00edses amigos, que est\u00e1n sometidos a un asedio y una pol\u00edtica agresiva por parte de Estados Unidos.<\/p>\n<p style=\"text-align: justify\">Charbonnet destac\u00f3 la importancia de la visita de una delegaci\u00f3n parlamentaria siria a Cuba y su impacto en el fortalecimiento de las relaciones bilaterales, y agradeci\u00f3 a Siria por sus posiciones hist\u00f3ricas de apoyo a su pa\u00eds.<\/p>\n<p style=\"text-align: justify\">&#8220;Las relaciones entre nuestros dos pa\u00edses son hist\u00f3ricas y est\u00e1n construidas sobre bases s\u00f3lidas&#8221;, consider\u00f3.<\/p>\n<p style=\"text-align: justify\">A su vez, Jray expres\u00f3 su condena al bloqueo estadounidense contra Cuba desde hace m\u00e1s de sesenta a\u00f1os, y agradeci\u00f3 a la isla por sus posiciones de apoyo a Siria en los foros internacionales.<\/p>\n<p style=\"text-align: justify\">El embajador sirio en La Habana, Ghassan Obaid, elogi\u00f3 la alta coordinaci\u00f3n entre las delegaciones siria y cubana en los foros internacionales respecto a diversos temas de inter\u00e9s com\u00fan, y destac\u00f3 la importancia del trabajo conjunto para intercambiar experiencias y delegaciones parlamentarias, y potenciar las visitas entre los dos pa\u00edses hermanos.<\/p>\n<div id='gallery-1' class='gallery galleryid-328048 gallery-columns-1 gallery-size-full'><figure class='gallery-item'>\n\t\t\t<div class='gallery-icon landscape'>\n\t\t\t\t<a href='https:\/\/archive.sana.sy\/es\/wp-content\/uploads\/2024\/04\/Siria-y-Cuba-sostienen-conversaciones-parlamentarias-1.jpg'><img loading=\"lazy\" decoding=\"async\" width=\"660\" height=\"327\" src=\"https:\/\/archive.sana.sy\/es\/wp-content\/uploads\/2024\/04\/Siria-y-Cuba-sostienen-conversaciones-parlamentarias-1.jpg\" class=\"attachment-full size-full\" alt=\"\" srcset=\"https:\/\/archive.sana.sy\/es\/wp-content\/uploads\/2024\/04\/Siria-y-Cuba-sostienen-conversaciones-parlamentarias-1.jpg 660w, https:\/\/archive.sana.sy\/es\/wp-content\/uploads\/2024\/04\/Siria-y-Cuba-sostienen-conversaciones-parlamentarias-1-300x149.jpg 300w, https:\/\/archive.sana.sy\/es\/wp-content\/uploads\/2024\/04\/Siria-y-Cuba-sostienen-conversaciones-parlamentarias-1-150x74.jpg 150w\" sizes=\"(max-width: 660px) 100vw, 660px\" \/><\/a>\n\t\t\t<\/div><\/figure><figure class='gallery-item'>\n\t\t\t<div class='gallery-icon landscape'>\n\t\t\t\t<a href='https:\/\/archive.sana.sy\/es\/wp-content\/uploads\/2024\/04\/Siria-y-Cuba-sostienen-conversaciones-parlamentarias-2.jpg'><img loading=\"lazy\" decoding=\"async\" width=\"660\" height=\"473\" src=\"https:\/\/archive.sana.sy\/es\/wp-content\/uploads\/2024\/04\/Siria-y-Cuba-sostienen-conversaciones-parlamentarias-2.jpg\" class=\"attachment-full size-full\" alt=\"\" srcset=\"https:\/\/archive.sana.sy\/es\/wp-content\/uploads\/2024\/04\/Siria-y-Cuba-sostienen-conversaciones-parlamentarias-2.jpg 660w, https:\/\/archive.sana.sy\/es\/wp-content\/uploads\/2024\/04\/Siria-y-Cuba-sostienen-conversaciones-parlamentarias-2-300x215.jpg 300w, https:\/\/archive.sana.sy\/es\/wp-content\/uploads\/2024\/04\/Siria-y-Cuba-sostienen-conversaciones-parlamentarias-2-150x108.jpg 150w\" sizes=\"(max-width: 660px) 100vw, 660px\" \/><\/a>\n\t\t\t<\/div><\/figure><figure class='gallery-item'>\n\t\t\t<div class='gallery-icon landscape'>\n\t\t\t\t<a href='https:\/\/archive.sana.sy\/es\/wp-content\/uploads\/2024\/04\/Siria-y-Cuba-sostienen-conversaciones-parlamentarias-3.jpg'><img loading=\"lazy\" decoding=\"async\" width=\"660\" height=\"462\" src=\"https:\/\/archive.sana.sy\/es\/wp-content\/uploads\/2024\/04\/Siria-y-Cuba-sostienen-conversaciones-parlamentarias-3.jpg\" class=\"attachment-full size-full\" alt=\"\" srcset=\"https:\/\/archive.sana.sy\/es\/wp-content\/uploads\/2024\/04\/Siria-y-Cuba-sostienen-conversaciones-parlamentarias-3.jpg 660w, https:\/\/archive.sana.sy\/es\/wp-content\/uploads\/2024\/04\/Siria-y-Cuba-sostienen-conversaciones-parlamentarias-3-300x210.jpg 300w, https:\/\/archive.sana.sy\/es\/wp-content\/uploads\/2024\/04\/Siria-y-Cuba-sostienen-conversaciones-parlamentarias-3-150x105.jpg 150w\" sizes=\"(max-width: 660px) 100vw, 660px\" \/><\/a>\n\t\t\t<\/div><\/figure>\n\t\t<\/div>\n\n<p style=\"text-align: justify\">fm\/la<\/p>\n","protected":false},"excerpt":{"rendered":"<p>El diputado Muhammad Jray, jefe del Grupo Parlamentario de Amistad Siria-Cuba, expres\u00f3 su condena al bloqueo estadounidense contra Cuba desde hace m\u00e1s de sesenta a\u00f1os, y agradeci\u00f3 a la isla por sus posiciones de apoyo a Siria en los foros internacionales. La Habana, 30 abr (SANA) Una delegaci\u00f3n de la Asamblea del Pueblo (parlamento) de &hellip;<\/p>\n","protected":false},"author":24,"featured_media":328054,"comment_status":"closed","ping_status":"closed","sticky":false,"template":"","format":"standard","meta":{"footnotes":""},"categories":[597,20724,467,583],"tags":[],"class_list":["post-328048","post","type-post","status-publish","format-standard","has-post-thumbnail","","category-cinta-de-noticias","category-minuto-a-minuto","category-siria-y-el-mundo","category-slide"],"_links":{"self":[{"href":"https:\/\/archive.sana.sy\/es\/index.php?rest_route=\/wp\/v2\/posts\/328048"}],"collection":[{"href":"https:\/\/archive.sana.sy\/es\/index.php?rest_route=\/wp\/v2\/posts"}],"about":[{"href":"https:\/\/archive.sana.sy\/es\/index.php?rest_route=\/wp\/v2\/types\/post"}],"author":[{"embeddable":true,"href":"https:\/\/archive.sana.sy\/es\/index.php?rest_route=\/wp\/v2\/users\/24"}],"replies":[{"embeddable":true,"href":"https:\/\/archive.sana.sy\/es\/index.php?rest_route=%2Fwp%2Fv2%2Fcomments&post=328048"}],"version-history":[{"count":2,"href":"https:\/\/archive.sana.sy\/es\/index.php?rest_route=\/wp\/v2\/posts\/328048\/revisions"}],"predecessor-version":[{"id":328055,"href":"https:\/\/archive.sana.sy\/es\/index.php?rest_route=\/wp\/v2\/posts\/328048\/revisions\/328055"}],"wp:featuredmedia":[{"embeddable":true,"href":"https:\/\/archive.sana.sy\/es\/index.php?rest_route=\/wp\/v2\/media\/328054"}],"wp:attachment":[{"href":"https:\/\/archive.sana.sy\/es\/index.php?rest_route=%2Fwp%2Fv2%2Fmedia&parent=328048"}],"wp:term":[{"taxonomy":"category","embeddable":true,"href":"https:\/\/archive.sana.sy\/es\/index.php?rest_route=%2Fwp%2Fv2%2Fcategories&post=328048"},{"taxonomy":"post_tag","embeddable":true,"href":"https:\/\/archive.sana.sy\/es\/index.php?rest_route=%2Fwp%2Fv2%2Ftags&post=328048"}],"curies":[{"name":"wp","href":"https:\/\/api.w.org\/{rel}","templated":true}]}}