{"id":32811,"date":"2015-11-04T11:45:07","date_gmt":"2015-11-04T09:45:07","guid":{"rendered":"http:\/\/www.sana.sy\/es\/?p=32811"},"modified":"2015-11-05T16:59:19","modified_gmt":"2015-11-05T14:59:19","slug":"castro-expresa-condolencias-a-rusia-tras-catastrofe-aerea","status":"publish","type":"post","link":"https:\/\/archive.sana.sy\/es\/?p=32811","title":{"rendered":"Castro expresa condolencias a Rusia tras cat\u00e1strofe a\u00e9rea"},"content":{"rendered":"<div><span lang=\"ES-TRAD\" style=\"color: #800000\">La Habana, SANA<\/span><\/div>\n<div><span lang=\"ES-TRAD\">El presidente de Cuba, Ra\u00fal Castro, hizo llegar sus m\u00e1s sentidas condolencias a su hom\u00f3logo ruso, Vladimir Putin, por la p\u00e9rdida de vidas humanas que provoc\u00f3 la cat\u00e1strofe del avi\u00f3n Air Bus 321.<\/span><\/div>\n<div><span lang=\"ES-TRAD\">Seg\u00fan un despacho de la agencia PL, el mandatario cubano pidi\u00f3 hacer extensivas sus condolencias a los familiares de las v\u00edctimas del tr\u00e1gico accidente.<\/span><\/div>\n<div><span lang=\"ES-TRAD\">La nave, de la compa\u00f1\u00eda Kogalymavia, cubr\u00eda la ruta Sharm el-Sheij-San Petersburgo y se estrell\u00f3 en la pen\u00ednsula de Sina\u00ed, unos 20 minutos despu\u00e9s de despegar del balneario egipcio de Sharm El Sheikh.<\/span><\/div>\n<div><\/div>\n<div>Fady M.<\/div>\n","protected":false},"excerpt":{"rendered":"<p>La Habana, SANA El presidente de Cuba, Ra\u00fal Castro, hizo llegar sus m\u00e1s sentidas condolencias a su hom\u00f3logo ruso, Vladimir Putin, por la p\u00e9rdida de vidas humanas que provoc\u00f3 la cat\u00e1strofe del avi\u00f3n Air Bus 321. Seg\u00fan un despacho de la agencia PL, el mandatario cubano pidi\u00f3 hacer extensivas sus condolencias a los familiares de &hellip;<\/p>\n","protected":false},"author":24,"featured_media":32812,"comment_status":"closed","ping_status":"closed","sticky":false,"template":"","format":"standard","meta":{"footnotes":""},"categories":[456,457],"tags":[],"class_list":["post-32811","post","type-post","status-publish","format-standard","has-post-thumbnail","","category-arabe-internacional-politica","category-noticias-arabe-internacional-politica"],"_links":{"self":[{"href":"https:\/\/archive.sana.sy\/es\/index.php?rest_route=\/wp\/v2\/posts\/32811"}],"collection":[{"href":"https:\/\/archive.sana.sy\/es\/index.php?rest_route=\/wp\/v2\/posts"}],"about":[{"href":"https:\/\/archive.sana.sy\/es\/index.php?rest_route=\/wp\/v2\/types\/post"}],"author":[{"embeddable":true,"href":"https:\/\/archive.sana.sy\/es\/index.php?rest_route=\/wp\/v2\/users\/24"}],"replies":[{"embeddable":true,"href":"https:\/\/archive.sana.sy\/es\/index.php?rest_route=%2Fwp%2Fv2%2Fcomments&post=32811"}],"version-history":[{"count":0,"href":"https:\/\/archive.sana.sy\/es\/index.php?rest_route=\/wp\/v2\/posts\/32811\/revisions"}],"wp:featuredmedia":[{"embeddable":true,"href":"https:\/\/archive.sana.sy\/es\/index.php?rest_route=\/wp\/v2\/media\/32812"}],"wp:attachment":[{"href":"https:\/\/archive.sana.sy\/es\/index.php?rest_route=%2Fwp%2Fv2%2Fmedia&parent=32811"}],"wp:term":[{"taxonomy":"category","embeddable":true,"href":"https:\/\/archive.sana.sy\/es\/index.php?rest_route=%2Fwp%2Fv2%2Fcategories&post=32811"},{"taxonomy":"post_tag","embeddable":true,"href":"https:\/\/archive.sana.sy\/es\/index.php?rest_route=%2Fwp%2Fv2%2Ftags&post=32811"}],"curies":[{"name":"wp","href":"https:\/\/api.w.org\/{rel}","templated":true}]}}