{"id":328155,"date":"2024-05-01T17:16:34","date_gmt":"2024-05-01T14:16:34","guid":{"rendered":"https:\/\/sana.sy\/es\/?p=328155"},"modified":"2024-05-01T17:17:08","modified_gmt":"2024-05-01T14:17:08","slug":"eligen-a-siria-como-miembro-del-consejo-ejecutivo-de-acsad-en-una-declaracion-a-sana-el-embajador-de-siria-en-arabia-saudita-dijo-que-la-eleccion-de-su-pais-a-en-el-consejo-ejecutivo-de-acsad-consti","status":"publish","type":"post","link":"https:\/\/archive.sana.sy\/es\/?p=328155","title":{"rendered":"Eligen a Siria como miembro del Consejo Ejecutivo de ACSAD"},"content":{"rendered":"<p style=\"text-align: justify;\"><span style=\"color: #800000;\"><strong>Riad, 1 may (SANA)<\/strong> <\/span>Siria fue elegida como miembro del Consejo Ejecutivo del Centro \u00c1rabe de Estudios de las Zonas y Tierras \u00c1ridas (ACSAD).<\/p>\n<p style=\"text-align: justify;\">Esto se produjo durante las reuniones de la Asamblea General del Centro celebradas en Riad, la capital saudita, con la participaci\u00f3n de una delegaci\u00f3n de la Rep\u00fablica \u00c1rabe Siria, encabezada por el Ayman Sousan, embajador de Siria en el Reino de Arabia Saudita, y los ministros de agricultura de los pa\u00edses \u00e1rabes.<\/p>\n<p style=\"text-align: justify;\">En una declaraci\u00f3n a SANA, Sousan dijo que la elecci\u00f3n de Siria en el Consejo Ejecutivo de ACSAD constituir\u00e1 una adici\u00f3n cualitativa que mejorar\u00e1 el trabajo de este centro, especialmente en lo relativo a la integraci\u00f3n \u00e1rabe para lograr la seguridad alimentaria, que se ha convertido en un necesidad vital a la luz de los acontecimientos actuales en el mundo.<\/p>\n<p style=\"text-align: justify;\">Reiter\u00f3 el apoyo constante de Siria a la labor del Centro, especialmente como pa\u00eds sede, para ayudarle a llevar a cabo las tareas que le han sido asignadas.<\/p>\n<p style=\"text-align: justify;\">FM\/AS<\/p>\n","protected":false},"excerpt":{"rendered":"<p>Riad, 1 may (SANA) Siria fue elegida como miembro del Consejo Ejecutivo del Centro \u00c1rabe de Estudios de las Zonas y Tierras \u00c1ridas (ACSAD). Esto se produjo durante las reuniones de la Asamblea General del Centro celebradas en Riad, la capital saudita, con la participaci\u00f3n de una delegaci\u00f3n de la Rep\u00fablica \u00c1rabe Siria, encabezada por &hellip;<\/p>\n","protected":false},"author":42,"featured_media":328156,"comment_status":"closed","ping_status":"closed","sticky":false,"template":"","format":"standard","meta":{"footnotes":""},"categories":[597,20724,467,7541],"tags":[],"class_list":["post-328155","post","type-post","status-publish","format-standard","has-post-thumbnail","","category-cinta-de-noticias","category-minuto-a-minuto","category-siria-y-el-mundo","category-ultimas-noticias"],"_links":{"self":[{"href":"https:\/\/archive.sana.sy\/es\/index.php?rest_route=\/wp\/v2\/posts\/328155"}],"collection":[{"href":"https:\/\/archive.sana.sy\/es\/index.php?rest_route=\/wp\/v2\/posts"}],"about":[{"href":"https:\/\/archive.sana.sy\/es\/index.php?rest_route=\/wp\/v2\/types\/post"}],"author":[{"embeddable":true,"href":"https:\/\/archive.sana.sy\/es\/index.php?rest_route=\/wp\/v2\/users\/42"}],"replies":[{"embeddable":true,"href":"https:\/\/archive.sana.sy\/es\/index.php?rest_route=%2Fwp%2Fv2%2Fcomments&post=328155"}],"version-history":[{"count":2,"href":"https:\/\/archive.sana.sy\/es\/index.php?rest_route=\/wp\/v2\/posts\/328155\/revisions"}],"predecessor-version":[{"id":328159,"href":"https:\/\/archive.sana.sy\/es\/index.php?rest_route=\/wp\/v2\/posts\/328155\/revisions\/328159"}],"wp:featuredmedia":[{"embeddable":true,"href":"https:\/\/archive.sana.sy\/es\/index.php?rest_route=\/wp\/v2\/media\/328156"}],"wp:attachment":[{"href":"https:\/\/archive.sana.sy\/es\/index.php?rest_route=%2Fwp%2Fv2%2Fmedia&parent=328155"}],"wp:term":[{"taxonomy":"category","embeddable":true,"href":"https:\/\/archive.sana.sy\/es\/index.php?rest_route=%2Fwp%2Fv2%2Fcategories&post=328155"},{"taxonomy":"post_tag","embeddable":true,"href":"https:\/\/archive.sana.sy\/es\/index.php?rest_route=%2Fwp%2Fv2%2Ftags&post=328155"}],"curies":[{"name":"wp","href":"https:\/\/api.w.org\/{rel}","templated":true}]}}