{"id":328166,"date":"2024-05-01T17:57:57","date_gmt":"2024-05-01T14:57:57","guid":{"rendered":"https:\/\/sana.sy\/es\/?p=328166"},"modified":"2024-05-01T17:57:57","modified_gmt":"2024-05-01T14:57:57","slug":"cifra-de-muertos-por-la-agresion-israeli-a-gaza-aumento-a-34-mil-568","status":"publish","type":"post","link":"https:\/\/archive.sana.sy\/es\/?p=328166","title":{"rendered":"Cifra de muertos por la agresi\u00f3n israel\u00ed a Gaza aument\u00f3 a 34 mil 568"},"content":{"rendered":"<p style=\"text-align: justify;\"><span style=\"color: #800000;\"><strong>Jerusal\u00e9n ocupada, 1 may (SANA)<\/strong><\/span> El Ministerio de Salud palestino inform\u00f3 hoy que la cifra de muertos en la Franja de Gaza como consecuencia de la agresi\u00f3n israel\u00ed aument\u00f3 a 34 mil 568 y la de heridos a 77 mil 765.<\/p>\n<p>El ente de salud aclar\u00f3 que estas cifras incluyen solo las v\u00edctimas recibidas por los hospitales y agregaron que la mayor\u00eda de las v\u00edctimas son mujeres y menores de edad.<\/p>\n<p style=\"text-align: justify;\">A\u00f1adi\u00f3 que las tropas sionistas cometieron durante las \u00faltimas 24 horas, cuatro masacres que dejaron 33 fallecidos y 57 lesionados.<\/p>\n<p style=\"text-align: justify;\">Precis\u00f3 que la cantidad de muertos no incluye a los m\u00e1s de 10 mil palestinos enterrados bajo los escombros en la Franja tras casi siete meses de ataques, seg\u00fan datos de los equipos de rescate y de ambulancias.<\/p>\n<p style=\"text-align: justify;\">Durante el d\u00eda de hoy, las fuerzas israel\u00edes bombardearon las ciudades de Gaza, Rafah, Deir al-Balah y el campamento de refugiados de Nuseirat.<\/p>\n<p style=\"text-align: justify;\">Mientras tanto, una incursi\u00f3n en la madrugada contra un edificio residencial en la calle Al-Jalaa, en el centro de la ciudad de Gaza, mat\u00f3 a tres personas e hiri\u00f3 a otras cuatro, detall\u00f3.<\/p>\n<p style=\"text-align: justify;\">FM\/AS<\/p>\n","protected":false},"excerpt":{"rendered":"<p>Jerusal\u00e9n ocupada, 1 may (SANA) El Ministerio de Salud palestino inform\u00f3 hoy que la cifra de muertos en la Franja de Gaza como consecuencia de la agresi\u00f3n israel\u00ed aument\u00f3 a 34 mil 568 y la de heridos a 77 mil 765. El ente de salud aclar\u00f3 que estas cifras incluyen solo las v\u00edctimas recibidas por &hellip;<\/p>\n","protected":false},"author":42,"featured_media":328167,"comment_status":"closed","ping_status":"closed","sticky":false,"template":"","format":"standard","meta":{"footnotes":""},"categories":[597,456,16687,20724,583],"tags":[],"class_list":["post-328166","post","type-post","status-publish","format-standard","has-post-thumbnail","","category-cinta-de-noticias","category-arabe-internacional-politica","category-internacionales","category-minuto-a-minuto","category-slide"],"_links":{"self":[{"href":"https:\/\/archive.sana.sy\/es\/index.php?rest_route=\/wp\/v2\/posts\/328166"}],"collection":[{"href":"https:\/\/archive.sana.sy\/es\/index.php?rest_route=\/wp\/v2\/posts"}],"about":[{"href":"https:\/\/archive.sana.sy\/es\/index.php?rest_route=\/wp\/v2\/types\/post"}],"author":[{"embeddable":true,"href":"https:\/\/archive.sana.sy\/es\/index.php?rest_route=\/wp\/v2\/users\/42"}],"replies":[{"embeddable":true,"href":"https:\/\/archive.sana.sy\/es\/index.php?rest_route=%2Fwp%2Fv2%2Fcomments&post=328166"}],"version-history":[{"count":1,"href":"https:\/\/archive.sana.sy\/es\/index.php?rest_route=\/wp\/v2\/posts\/328166\/revisions"}],"predecessor-version":[{"id":328168,"href":"https:\/\/archive.sana.sy\/es\/index.php?rest_route=\/wp\/v2\/posts\/328166\/revisions\/328168"}],"wp:featuredmedia":[{"embeddable":true,"href":"https:\/\/archive.sana.sy\/es\/index.php?rest_route=\/wp\/v2\/media\/328167"}],"wp:attachment":[{"href":"https:\/\/archive.sana.sy\/es\/index.php?rest_route=%2Fwp%2Fv2%2Fmedia&parent=328166"}],"wp:term":[{"taxonomy":"category","embeddable":true,"href":"https:\/\/archive.sana.sy\/es\/index.php?rest_route=%2Fwp%2Fv2%2Fcategories&post=328166"},{"taxonomy":"post_tag","embeddable":true,"href":"https:\/\/archive.sana.sy\/es\/index.php?rest_route=%2Fwp%2Fv2%2Ftags&post=328166"}],"curies":[{"name":"wp","href":"https:\/\/api.w.org\/{rel}","templated":true}]}}