{"id":328176,"date":"2024-05-01T18:41:23","date_gmt":"2024-05-01T15:41:23","guid":{"rendered":"https:\/\/sana.sy\/es\/?p=328176"},"modified":"2024-05-01T18:41:23","modified_gmt":"2024-05-01T15:41:23","slug":"la-policia-francesa-reprime-brutalmente-una-manifestacion-de-los-sindicatos","status":"publish","type":"post","link":"https:\/\/archive.sana.sy\/es\/?p=328176","title":{"rendered":"La polic\u00eda francesa reprime brutalmente una manifestaci\u00f3n de los sindicatos"},"content":{"rendered":"<p style=\"text-align: justify;\"><span style=\"color: #800000;\"><strong>Par\u00eds, 1 may (SANA)<\/strong><\/span> La polic\u00eda francesa recurri\u00f3 a la fuerza para dispersar una manifestaci\u00f3n convocada por el Primero de Mayo que tiene lugar en Par\u00eds.<\/p>\n<p style=\"text-align: justify;\">En los videos grabados en Par\u00eds, se puede observar enfrentamientos entre los uniformados y los participantes en la protesta.<\/p>\n<p style=\"text-align: justify;\">Medios locales recogen que la Polic\u00eda trata de bloquear el paso de los manifestantes a la plaza de la Bastilla, inform\u00f3 RT.<\/p>\n<p style=\"text-align: justify;\">Desde la Polic\u00eda de la capital francesa se\u00f1alaron que 15 personas fueron detenidas antes de la manifestaci\u00f3n.<\/p>\n<p style=\"text-align: justify;\">Desde la capital francesa, los sindicatos reclaman paz, justicia social, mayores salarios y mejores condiciones para los trabajadores.<\/p>\n<p style=\"text-align: justify;\">Los manifestantes tambi\u00e9n exigen el fin del conflicto entre Rusia y Ucrania, un alto el fuego inmediato en Gaza y la liberaci\u00f3n de todos los rehenes israel\u00edes y presos palestinos.<\/p>\n<p style=\"text-align: justify;\">FM\/AS<\/p>\n","protected":false},"excerpt":{"rendered":"<p>Par\u00eds, 1 may (SANA) La polic\u00eda francesa recurri\u00f3 a la fuerza para dispersar una manifestaci\u00f3n convocada por el Primero de Mayo que tiene lugar en Par\u00eds. En los videos grabados en Par\u00eds, se puede observar enfrentamientos entre los uniformados y los participantes en la protesta. Medios locales recogen que la Polic\u00eda trata de bloquear el &hellip;<\/p>\n","protected":false},"author":42,"featured_media":328177,"comment_status":"closed","ping_status":"closed","sticky":false,"template":"","format":"standard","meta":{"footnotes":""},"categories":[597,456,16687,20724,7541],"tags":[],"class_list":["post-328176","post","type-post","status-publish","format-standard","has-post-thumbnail","","category-cinta-de-noticias","category-arabe-internacional-politica","category-internacionales","category-minuto-a-minuto","category-ultimas-noticias"],"_links":{"self":[{"href":"https:\/\/archive.sana.sy\/es\/index.php?rest_route=\/wp\/v2\/posts\/328176"}],"collection":[{"href":"https:\/\/archive.sana.sy\/es\/index.php?rest_route=\/wp\/v2\/posts"}],"about":[{"href":"https:\/\/archive.sana.sy\/es\/index.php?rest_route=\/wp\/v2\/types\/post"}],"author":[{"embeddable":true,"href":"https:\/\/archive.sana.sy\/es\/index.php?rest_route=\/wp\/v2\/users\/42"}],"replies":[{"embeddable":true,"href":"https:\/\/archive.sana.sy\/es\/index.php?rest_route=%2Fwp%2Fv2%2Fcomments&post=328176"}],"version-history":[{"count":1,"href":"https:\/\/archive.sana.sy\/es\/index.php?rest_route=\/wp\/v2\/posts\/328176\/revisions"}],"predecessor-version":[{"id":328178,"href":"https:\/\/archive.sana.sy\/es\/index.php?rest_route=\/wp\/v2\/posts\/328176\/revisions\/328178"}],"wp:featuredmedia":[{"embeddable":true,"href":"https:\/\/archive.sana.sy\/es\/index.php?rest_route=\/wp\/v2\/media\/328177"}],"wp:attachment":[{"href":"https:\/\/archive.sana.sy\/es\/index.php?rest_route=%2Fwp%2Fv2%2Fmedia&parent=328176"}],"wp:term":[{"taxonomy":"category","embeddable":true,"href":"https:\/\/archive.sana.sy\/es\/index.php?rest_route=%2Fwp%2Fv2%2Fcategories&post=328176"},{"taxonomy":"post_tag","embeddable":true,"href":"https:\/\/archive.sana.sy\/es\/index.php?rest_route=%2Fwp%2Fv2%2Ftags&post=328176"}],"curies":[{"name":"wp","href":"https:\/\/api.w.org\/{rel}","templated":true}]}}