{"id":32821,"date":"2015-11-04T12:20:46","date_gmt":"2015-11-04T10:20:46","guid":{"rendered":"http:\/\/www.sana.sy\/es\/?p=32821"},"modified":"2015-11-04T15:21:27","modified_gmt":"2015-11-04T13:21:27","slug":"al-sisi-hay-que-preservar-al-estado-sirio-para-impedir-que-se-propague-el-terrorismo-a-los-paises-vecinos","status":"publish","type":"post","link":"https:\/\/archive.sana.sy\/es\/?p=32821","title":{"rendered":"Al-Sisi: hay que preservar al estado sirio para impedir que se propague el terrorismo a los pa\u00edses vecinos"},"content":{"rendered":"<p><span style=\"color: #800000\">El Cairo, SANA<\/span><\/p>\n<p>El presidente egipcio, Abdel Fattah al-Sisi, hizo hincapi\u00e9 en la necesidad de preservar al estado sirio para prevenir la propagaci\u00f3n del terrorismo a los pa\u00edses vecinos y poner en peligro la seguridad de la regi\u00f3n.<\/p>\n<p>En una entrevista con la cadena brit\u00e1nica BBC en la v\u00edspera de su visita a Gran Breta\u00f1a, el mandatario egipcio dijo que las iniciativas internacionales en relaci\u00f3n con la crisis en Siria deben llevarse a cabo a la luz del di\u00e1logo entre los propios sirios.<\/p>\n<p>Al-Sisi dijo que Egipto hab\u00eda advertido hace dos a\u00f1os de los terroristas extranjeros que se encuentran en Siria, pregunt\u00e1ndose sobre los \u00e9xitos logrados por la alianza liderada por Estados Unidos contra la organizaci\u00f3n terrorista del Estado Isl\u00e1mico, en referencia a las crecientes dudas sobre el papel de esta alianza para prevenir la expansi\u00f3n del terrorismo en la regi\u00f3n.<\/p>\n<p>El l\u00edder egipcio subray\u00f3 la necesidad de la cooperaci\u00f3n para luchar contra los grupos extremistas y las ideas takfiristas, diciendo que &#8220;el asesinato de terroristas a los soldados egipcios es el precio de una confrontaci\u00f3n para proteger al pa\u00eds de la ideolog\u00eda asesina y criminal&#8221;.<\/p>\n<p>Fady M.<\/p>\n","protected":false},"excerpt":{"rendered":"<p>El Cairo, SANA El presidente egipcio, Abdel Fattah al-Sisi, hizo hincapi\u00e9 en la necesidad de preservar al estado sirio para prevenir la propagaci\u00f3n del terrorismo a los pa\u00edses vecinos y poner en peligro la seguridad de la regi\u00f3n. En una entrevista con la cadena brit\u00e1nica BBC en la v\u00edspera de su visita a Gran Breta\u00f1a, &hellip;<\/p>\n","protected":false},"author":24,"featured_media":32822,"comment_status":"closed","ping_status":"closed","sticky":false,"template":"","format":"standard","meta":{"footnotes":""},"categories":[456,457,576],"tags":[],"class_list":["post-32821","post","type-post","status-publish","format-standard","has-post-thumbnail","","category-arabe-internacional-politica","category-noticias-arabe-internacional-politica","category-noticias-politicas"],"_links":{"self":[{"href":"https:\/\/archive.sana.sy\/es\/index.php?rest_route=\/wp\/v2\/posts\/32821"}],"collection":[{"href":"https:\/\/archive.sana.sy\/es\/index.php?rest_route=\/wp\/v2\/posts"}],"about":[{"href":"https:\/\/archive.sana.sy\/es\/index.php?rest_route=\/wp\/v2\/types\/post"}],"author":[{"embeddable":true,"href":"https:\/\/archive.sana.sy\/es\/index.php?rest_route=\/wp\/v2\/users\/24"}],"replies":[{"embeddable":true,"href":"https:\/\/archive.sana.sy\/es\/index.php?rest_route=%2Fwp%2Fv2%2Fcomments&post=32821"}],"version-history":[{"count":0,"href":"https:\/\/archive.sana.sy\/es\/index.php?rest_route=\/wp\/v2\/posts\/32821\/revisions"}],"wp:featuredmedia":[{"embeddable":true,"href":"https:\/\/archive.sana.sy\/es\/index.php?rest_route=\/wp\/v2\/media\/32822"}],"wp:attachment":[{"href":"https:\/\/archive.sana.sy\/es\/index.php?rest_route=%2Fwp%2Fv2%2Fmedia&parent=32821"}],"wp:term":[{"taxonomy":"category","embeddable":true,"href":"https:\/\/archive.sana.sy\/es\/index.php?rest_route=%2Fwp%2Fv2%2Fcategories&post=32821"},{"taxonomy":"post_tag","embeddable":true,"href":"https:\/\/archive.sana.sy\/es\/index.php?rest_route=%2Fwp%2Fv2%2Ftags&post=32821"}],"curies":[{"name":"wp","href":"https:\/\/api.w.org\/{rel}","templated":true}]}}