{"id":328215,"date":"2024-05-02T15:00:46","date_gmt":"2024-05-02T12:00:46","guid":{"rendered":"https:\/\/sana.sy\/es\/?p=328215"},"modified":"2024-05-02T15:12:06","modified_gmt":"2024-05-02T12:12:06","slug":"asciende-a-34-mil-596-la-cifra-de-palestinos-muertos-en-gaza-por-ataques-israelies","status":"publish","type":"post","link":"https:\/\/archive.sana.sy\/es\/?p=328215","title":{"rendered":"Asciende a 34 mil 596 la cifra de palestinos muertos en Gaza por ataques israel\u00edes"},"content":{"rendered":"<p style=\"text-align: justify;\"><span style=\"color: #800000;\"><strong>Jerusal\u00e9n, 2 may (SANA)<\/strong> <\/span>El Ej\u00e9rcito israel\u00ed mat\u00f3 a 34 mil 596 palestinos e hiri\u00f3 a 77 mil 816 en la Franja de Gaza, desde el inicio de su guerra genocida, el 7 de octubre \u00faltimo.<\/p>\n<p style=\"text-align: justify;\">El Ministerio palestino de Salud inform\u00f3 en su m\u00e1s reciente parte que la mayor\u00eda de las v\u00edctimas son mujeres y menores de edad.<\/p>\n<p style=\"text-align: justify;\">Precis\u00f3 que, en las \u00faltimas 24 horas, las tropas sionistas cometieron tres masacres que dejaron 28 muertos y 51 lesionados.<\/p>\n<p style=\"text-align: justify;\">La cifra total de muertos no incluye a los m\u00e1s de 10 mil palestinos enterrados bajo los escombros, seg\u00fan datos de los equipos de rescate y de ambulancias.<\/p>\n<p style=\"text-align: justify;\">Durante el d\u00eda de hoy, al menos seis personas fallecieron en un bombardeo contra la localidad de Al-Zahraa, ubicada en el centro del enclave costero.<\/p>\n<p style=\"text-align: justify;\">Otro muri\u00f3 y numerosos resultaron heridos en un incidente similar ocurrido en la sure\u00f1a ciudad de Khan Yunis, una de las m\u00e1s golpeadas por las operaciones terrestres del Ej\u00e9rcito.<\/p>\n<p style=\"text-align: justify;\">El Observatorio Euromediterr\u00e1neo de Derechos Humanos hab\u00eda denunciado que el ocupante israel\u00ed ha destruido total o parcialmente al 80 por ciento de las escuelas de la Franja de Gaza, adem\u00e1s de seis universidades, una de las cuales dinamit\u00f3 tras semanas de utilizarla como base militar.<\/p>\n<p style=\"text-align: justify;\">Los expertos de las Naciones Unidas describieron esta destrucci\u00f3n como un genocidio educativo y privar a otra generaci\u00f3n de palestinos de su futuro.<\/p>\n<p style=\"text-align: justify;\">El Observatorio afirm\u00f3 que m\u00e1s de 6.500 estudiantes y 756 profesores murieron y miles resultaron heridos desde que la ocupaci\u00f3n inici\u00f3 su agresi\u00f3n contra la Franja de Gaza, mientras que al menos 625.000 estudiantes siguen privados de su derecho a la educaci\u00f3n durante un a\u00f1o acad\u00e9mico completo.<\/p>\n<p style=\"text-align: justify;\">fm\/sm<\/p>\n","protected":false},"excerpt":{"rendered":"<p>Jerusal\u00e9n, 2 may (SANA) El Ej\u00e9rcito israel\u00ed mat\u00f3 a 34 mil 596 palestinos e hiri\u00f3 a 77 mil 816 en la Franja de Gaza, desde el inicio de su guerra genocida, el 7 de octubre \u00faltimo. El Ministerio palestino de Salud inform\u00f3 en su m\u00e1s reciente parte que la mayor\u00eda de las v\u00edctimas son mujeres &hellip;<\/p>\n","protected":false},"author":39,"featured_media":328216,"comment_status":"closed","ping_status":"closed","sticky":false,"template":"","format":"standard","meta":{"footnotes":""},"categories":[597,456,16687,20724,583],"tags":[],"class_list":["post-328215","post","type-post","status-publish","format-standard","has-post-thumbnail","","category-cinta-de-noticias","category-arabe-internacional-politica","category-internacionales","category-minuto-a-minuto","category-slide"],"_links":{"self":[{"href":"https:\/\/archive.sana.sy\/es\/index.php?rest_route=\/wp\/v2\/posts\/328215"}],"collection":[{"href":"https:\/\/archive.sana.sy\/es\/index.php?rest_route=\/wp\/v2\/posts"}],"about":[{"href":"https:\/\/archive.sana.sy\/es\/index.php?rest_route=\/wp\/v2\/types\/post"}],"author":[{"embeddable":true,"href":"https:\/\/archive.sana.sy\/es\/index.php?rest_route=\/wp\/v2\/users\/39"}],"replies":[{"embeddable":true,"href":"https:\/\/archive.sana.sy\/es\/index.php?rest_route=%2Fwp%2Fv2%2Fcomments&post=328215"}],"version-history":[{"count":3,"href":"https:\/\/archive.sana.sy\/es\/index.php?rest_route=\/wp\/v2\/posts\/328215\/revisions"}],"predecessor-version":[{"id":328219,"href":"https:\/\/archive.sana.sy\/es\/index.php?rest_route=\/wp\/v2\/posts\/328215\/revisions\/328219"}],"wp:featuredmedia":[{"embeddable":true,"href":"https:\/\/archive.sana.sy\/es\/index.php?rest_route=\/wp\/v2\/media\/328216"}],"wp:attachment":[{"href":"https:\/\/archive.sana.sy\/es\/index.php?rest_route=%2Fwp%2Fv2%2Fmedia&parent=328215"}],"wp:term":[{"taxonomy":"category","embeddable":true,"href":"https:\/\/archive.sana.sy\/es\/index.php?rest_route=%2Fwp%2Fv2%2Fcategories&post=328215"},{"taxonomy":"post_tag","embeddable":true,"href":"https:\/\/archive.sana.sy\/es\/index.php?rest_route=%2Fwp%2Fv2%2Ftags&post=328215"}],"curies":[{"name":"wp","href":"https:\/\/api.w.org\/{rel}","templated":true}]}}