{"id":32824,"date":"2015-11-04T12:26:01","date_gmt":"2015-11-04T10:26:01","guid":{"rendered":"http:\/\/www.sana.sy\/es\/?p=32824"},"modified":"2015-11-04T12:26:01","modified_gmt":"2015-11-04T10:26:01","slug":"fuerzas-israelies-arrestan-a-20-palestinos-en-jerusalen-y-cisjordani","status":"publish","type":"post","link":"https:\/\/archive.sana.sy\/es\/?p=32824","title":{"rendered":"Fuerzas israel\u00edes arrestan a 20 palestinos en Jerusal\u00e9n y Cisjordani"},"content":{"rendered":"<div><span lang=\"ES-TRAD\" style=\"color: #800000\">Jerusal\u00e9n, SANA<\/span><\/div>\n<div><\/div>\n<div><span lang=\"ES-TRAD\">Las fuerzas de ocupaci\u00f3n israel\u00edes han continuado sus agresiones contra el pueblo palestinos.<\/span><\/div>\n<div><span lang=\"ES-TRAD\">Este mi\u00e9rcoles, las fuerzas ocupantes detuvieron a 20 palestinos en Cisjordania y la ocupada ciudad de Jerusal\u00e9n despu\u00e9s de irrumpir en sus hogares.<\/span><\/div>\n<div><span lang=\"ES-TRAD\">Por otro lado, soldados sionistas impidieron a los trabajadores palestinos y a los comerciantes de cruzar el puesto de control de Jalama al noreste de Jenin, para entrar en los territorios palestinos ocupados desde 1948.<\/span><\/div>\n<div><span lang=\"ES-TRAD\">Las fuerzas de ocupaci\u00f3n israel\u00edes hab\u00edan arrestado el martes a 11 palestinos en varias ciudades y poblados de Cisjordania.<\/span><\/div>\n<div><\/div>\n<div>Fady M.<\/div>\n","protected":false},"excerpt":{"rendered":"<p>Jerusal\u00e9n, SANA Las fuerzas de ocupaci\u00f3n israel\u00edes han continuado sus agresiones contra el pueblo palestinos. Este mi\u00e9rcoles, las fuerzas ocupantes detuvieron a 20 palestinos en Cisjordania y la ocupada ciudad de Jerusal\u00e9n despu\u00e9s de irrumpir en sus hogares. Por otro lado, soldados sionistas impidieron a los trabajadores palestinos y a los comerciantes de cruzar el &hellip;<\/p>\n","protected":false},"author":24,"featured_media":32825,"comment_status":"closed","ping_status":"closed","sticky":false,"template":"","format":"standard","meta":{"footnotes":""},"categories":[456,457],"tags":[],"class_list":["post-32824","post","type-post","status-publish","format-standard","has-post-thumbnail","","category-arabe-internacional-politica","category-noticias-arabe-internacional-politica"],"_links":{"self":[{"href":"https:\/\/archive.sana.sy\/es\/index.php?rest_route=\/wp\/v2\/posts\/32824"}],"collection":[{"href":"https:\/\/archive.sana.sy\/es\/index.php?rest_route=\/wp\/v2\/posts"}],"about":[{"href":"https:\/\/archive.sana.sy\/es\/index.php?rest_route=\/wp\/v2\/types\/post"}],"author":[{"embeddable":true,"href":"https:\/\/archive.sana.sy\/es\/index.php?rest_route=\/wp\/v2\/users\/24"}],"replies":[{"embeddable":true,"href":"https:\/\/archive.sana.sy\/es\/index.php?rest_route=%2Fwp%2Fv2%2Fcomments&post=32824"}],"version-history":[{"count":0,"href":"https:\/\/archive.sana.sy\/es\/index.php?rest_route=\/wp\/v2\/posts\/32824\/revisions"}],"wp:featuredmedia":[{"embeddable":true,"href":"https:\/\/archive.sana.sy\/es\/index.php?rest_route=\/wp\/v2\/media\/32825"}],"wp:attachment":[{"href":"https:\/\/archive.sana.sy\/es\/index.php?rest_route=%2Fwp%2Fv2%2Fmedia&parent=32824"}],"wp:term":[{"taxonomy":"category","embeddable":true,"href":"https:\/\/archive.sana.sy\/es\/index.php?rest_route=%2Fwp%2Fv2%2Fcategories&post=32824"},{"taxonomy":"post_tag","embeddable":true,"href":"https:\/\/archive.sana.sy\/es\/index.php?rest_route=%2Fwp%2Fv2%2Ftags&post=32824"}],"curies":[{"name":"wp","href":"https:\/\/api.w.org\/{rel}","templated":true}]}}