{"id":32827,"date":"2015-11-04T16:27:48","date_gmt":"2015-11-04T14:27:48","guid":{"rendered":"http:\/\/www.sana.sy\/es\/?p=32827"},"modified":"2015-11-04T18:11:40","modified_gmt":"2015-11-04T16:11:40","slug":"lavrov-se-reune-con-de-mitsura-y-llama-a-trabajar-sobre-siria-en-el-marco-de-la-formula-de-viena","status":"publish","type":"post","link":"https:\/\/archive.sana.sy\/es\/?p=32827","title":{"rendered":"Lavrov se re\u00fane con De Mitsura y llama a trabajar sobre Siria en el marco de la f\u00f3rmula de Viena"},"content":{"rendered":"<div>\n<div><span style=\"color: #800000\">Mosc\u00fa, SANA<\/span><\/div>\n<div><\/div>\n<div>\n<p>El ministro de Exteriores ruso, Sergei Lavrov, se reuni\u00f3 en la capital Mosc\u00fa con el enviado especial de la ONU a Siria, Steffan De Mistura.<\/p>\n<p>Durante la reuni\u00f3n, el canciller ruso llam\u00f3 a seguir trabajando sobre Siria en el marco de la f\u00f3rmula de Viena.<\/p>\n<p>Por su parte, De Mitsura asegur\u00f3 que Rusia y la Organizaci\u00f3n de la Naciones Unidas tienen una percepci\u00f3n com\u00fan sobre la necesidad de encontrar una soluci\u00f3n a la crisis en Siria tan pronto como sea.<\/p>\n<p>El enviado de la ONU dijo que es necesario seguir trabajando con todas las partes interesadas e implicadas en la crisis en Siria.<\/p>\n<p>Asimismo, precis\u00f3 que la ONU tiene un plan conjunto basado de la declaraci\u00f3n de Viena, esperando de que todas las partes contribuyan a una soluci\u00f3n a la crisis siria.<\/p>\n<\/div>\n<div>\n<p>En una rueda\u00a0de prensa conjunta celebrada tras la reuni\u00f3n, Lavrov recalc\u00f3 en la necesidad de identificar &#8220;la oposici\u00f3n moderada siria&#8221;, y preparar una lista de grupos extremistas que &#8220;no ser\u00e1n cubiertos por el alto el fuego para que sean socios en el di\u00e1logo, se\u00f1alando que estos dos procesos constituir\u00e1n unos de los \u00a0bases en los preparativos de la pr\u00f3xima reuni\u00f3n de Viena.<\/p>\n<p>Lavrov subray\u00f3 la importancia de aunar\u00a0esfuerzos para combatir el terrorismo y poner en marcha el di\u00e1logo entre el gobierno sirio y la oposici\u00f3n, as\u00ed como ofrecer ayuda humanitaria para aliviar el sufrimiento de los sirios, confirmando que los sirios son los que deciden el futuro de su pa\u00eds y ninguna parte puede determinar el destino de Siria en su lugar.<\/p>\n<p>El Canciller ruso dijo que Mosc\u00fa est\u00e1 apoyando los esfuerzos de De Mistura, manifestando su \u00a0esperanza de que otros protagonistas de las conversaciones de Viena se comprometan igualmente a apoyar al enviado especial de la ONU para que su misi\u00f3n tenga \u00e9xito en Siria.<\/p>\n<p>Lavrov dijo que la elecci\u00f3n de las figuras que liderar\u00e1n a Siria es un asunto que corresponde solamente a los sirios.<\/p>\n<p>&#8220;Tenemos que seguir trabajando con todas las partes interesadas en la crisis de Siria y tenemos un plan conjunto basado en el formato de Viena&#8221;, dijo De Mistura a su vez.<\/p>\n<p>Tambi\u00e9n se\u00f1al\u00f3 que la ONU est\u00e1 lista para acoger las conversaciones entre el gobierno sirio y la oposici\u00f3n en Ginebra, destacando la necesidad de que estas conversaciones se mantengan sin previas condiciones.<\/p>\n<p>Aclar\u00f3 que los representantes del gobierno sirio expresaron su disposici\u00f3n a participar en una reuni\u00f3n con la oposici\u00f3n, agregando que cuatro grupos de contacto se formar\u00edan en el marco del di\u00e1logo entre las dos partes.<\/p>\n<\/div>\n<\/div>\n<div><\/div>\n<div><\/div>\n<div>Fady M., Lynn A.<\/div>\n","protected":false},"excerpt":{"rendered":"<p>Mosc\u00fa, SANA El ministro de Exteriores ruso, Sergei Lavrov, se reuni\u00f3 en la capital Mosc\u00fa con el enviado especial de la ONU a Siria, Steffan De Mistura. Durante la reuni\u00f3n, el canciller ruso llam\u00f3 a seguir trabajando sobre Siria en el marco de la f\u00f3rmula de Viena. Por su parte, De Mitsura asegur\u00f3 que Rusia &hellip;<\/p>\n","protected":false},"author":24,"featured_media":32828,"comment_status":"closed","ping_status":"closed","sticky":false,"template":"","format":"standard","meta":{"footnotes":""},"categories":[456,457,576],"tags":[],"class_list":["post-32827","post","type-post","status-publish","format-standard","has-post-thumbnail","","category-arabe-internacional-politica","category-noticias-arabe-internacional-politica","category-noticias-politicas"],"_links":{"self":[{"href":"https:\/\/archive.sana.sy\/es\/index.php?rest_route=\/wp\/v2\/posts\/32827"}],"collection":[{"href":"https:\/\/archive.sana.sy\/es\/index.php?rest_route=\/wp\/v2\/posts"}],"about":[{"href":"https:\/\/archive.sana.sy\/es\/index.php?rest_route=\/wp\/v2\/types\/post"}],"author":[{"embeddable":true,"href":"https:\/\/archive.sana.sy\/es\/index.php?rest_route=\/wp\/v2\/users\/24"}],"replies":[{"embeddable":true,"href":"https:\/\/archive.sana.sy\/es\/index.php?rest_route=%2Fwp%2Fv2%2Fcomments&post=32827"}],"version-history":[{"count":0,"href":"https:\/\/archive.sana.sy\/es\/index.php?rest_route=\/wp\/v2\/posts\/32827\/revisions"}],"wp:featuredmedia":[{"embeddable":true,"href":"https:\/\/archive.sana.sy\/es\/index.php?rest_route=\/wp\/v2\/media\/32828"}],"wp:attachment":[{"href":"https:\/\/archive.sana.sy\/es\/index.php?rest_route=%2Fwp%2Fv2%2Fmedia&parent=32827"}],"wp:term":[{"taxonomy":"category","embeddable":true,"href":"https:\/\/archive.sana.sy\/es\/index.php?rest_route=%2Fwp%2Fv2%2Fcategories&post=32827"},{"taxonomy":"post_tag","embeddable":true,"href":"https:\/\/archive.sana.sy\/es\/index.php?rest_route=%2Fwp%2Fv2%2Ftags&post=32827"}],"curies":[{"name":"wp","href":"https:\/\/api.w.org\/{rel}","templated":true}]}}