{"id":328294,"date":"2024-05-03T16:20:41","date_gmt":"2024-05-03T13:20:41","guid":{"rendered":"https:\/\/sana.sy\/es\/?p=328294"},"modified":"2024-05-03T16:21:14","modified_gmt":"2024-05-03T13:21:14","slug":"israel-asesina-e-hiere-a-decenas-de-palestinos-en-el-dia-210-de-su-brutal-agresion-contra-la-franja-de-gaza","status":"publish","type":"post","link":"https:\/\/archive.sana.sy\/es\/?p=328294","title":{"rendered":"\u201cIsrael\u201d asesina e hiere a decenas de palestinos en el d\u00eda 210 de su brutal agresi\u00f3n contra la Franja de Gaza"},"content":{"rendered":"<p style=\"text-align: justify;\"><strong><span style=\"color: #800000;\">Jerusal\u00e9n ocupada, 03 may (SANA)<\/span> <\/strong>El Ministerio de Salud palestino anunci\u00f3 que durante las \u00faltimas 24 horas, el ocupante israel\u00ed cometi\u00f3 3 masacres en Gaza, dejando muertas a 26 personas y heridas a otras 51.<\/p>\n<p style=\"text-align: justify;\">La referida entidad explic\u00f3 hoy en un comunicado que el n\u00famero de v\u00edctimas de la guerra genocida en curso en la Franja de Gaza desde el 7 de octubre pasado aument\u00f3 a 34.622 muertos y 77.867 heridos.<\/p>\n<p style=\"text-align: justify;\">Detall\u00f3 que un gran n\u00famero de v\u00edctimas a\u00fan se encuentran bajo los escombros y en las carreteras y los equipos de rescate y defensa civil no pueden llegar hasta ellas.<\/p>\n<p style=\"text-align: justify;\">sm<\/p>\n","protected":false},"excerpt":{"rendered":"<p>Jerusal\u00e9n ocupada, 03 may (SANA) El Ministerio de Salud palestino anunci\u00f3 que durante las \u00faltimas 24 horas, el ocupante israel\u00ed cometi\u00f3 3 masacres en Gaza, dejando muertas a 26 personas y heridas a otras 51. La referida entidad explic\u00f3 hoy en un comunicado que el n\u00famero de v\u00edctimas de la guerra genocida en curso en &hellip;<\/p>\n","protected":false},"author":39,"featured_media":328295,"comment_status":"closed","ping_status":"closed","sticky":false,"template":"","format":"standard","meta":{"footnotes":""},"categories":[597,456,16687,20724,583],"tags":[],"class_list":["post-328294","post","type-post","status-publish","format-standard","has-post-thumbnail","","category-cinta-de-noticias","category-arabe-internacional-politica","category-internacionales","category-minuto-a-minuto","category-slide"],"_links":{"self":[{"href":"https:\/\/archive.sana.sy\/es\/index.php?rest_route=\/wp\/v2\/posts\/328294"}],"collection":[{"href":"https:\/\/archive.sana.sy\/es\/index.php?rest_route=\/wp\/v2\/posts"}],"about":[{"href":"https:\/\/archive.sana.sy\/es\/index.php?rest_route=\/wp\/v2\/types\/post"}],"author":[{"embeddable":true,"href":"https:\/\/archive.sana.sy\/es\/index.php?rest_route=\/wp\/v2\/users\/39"}],"replies":[{"embeddable":true,"href":"https:\/\/archive.sana.sy\/es\/index.php?rest_route=%2Fwp%2Fv2%2Fcomments&post=328294"}],"version-history":[{"count":2,"href":"https:\/\/archive.sana.sy\/es\/index.php?rest_route=\/wp\/v2\/posts\/328294\/revisions"}],"predecessor-version":[{"id":328297,"href":"https:\/\/archive.sana.sy\/es\/index.php?rest_route=\/wp\/v2\/posts\/328294\/revisions\/328297"}],"wp:featuredmedia":[{"embeddable":true,"href":"https:\/\/archive.sana.sy\/es\/index.php?rest_route=\/wp\/v2\/media\/328295"}],"wp:attachment":[{"href":"https:\/\/archive.sana.sy\/es\/index.php?rest_route=%2Fwp%2Fv2%2Fmedia&parent=328294"}],"wp:term":[{"taxonomy":"category","embeddable":true,"href":"https:\/\/archive.sana.sy\/es\/index.php?rest_route=%2Fwp%2Fv2%2Fcategories&post=328294"},{"taxonomy":"post_tag","embeddable":true,"href":"https:\/\/archive.sana.sy\/es\/index.php?rest_route=%2Fwp%2Fv2%2Ftags&post=328294"}],"curies":[{"name":"wp","href":"https:\/\/api.w.org\/{rel}","templated":true}]}}