{"id":328298,"date":"2024-05-03T16:46:39","date_gmt":"2024-05-03T13:46:39","guid":{"rendered":"https:\/\/sana.sy\/es\/?p=328298"},"modified":"2024-05-03T16:47:20","modified_gmt":"2024-05-03T13:47:20","slug":"estudiantes-solidarios-con-palestina-protestan-frente-a-la-universidad-mas-grande-de-mexico","status":"publish","type":"post","link":"https:\/\/archive.sana.sy\/es\/?p=328298","title":{"rendered":"Estudiantes solidarios con Palestina protestan frente a la universidad m\u00e1s grande de M\u00e9xico"},"content":{"rendered":"<p style=\"text-align: justify;\"><span style=\"color: #800000;\"><strong>Ciudad de M\u00e9xico, 03 may (SANA)\u00a0 \u00a0<\/strong><\/span>Cientos de estudiantes y activistas pro palestinos en la Ciudad de M\u00e9xico organizaron una sentada frente a la Universidad Nacional Aut\u00f3noma de M\u00e9xico en la Ciudad de M\u00e9xico, la m\u00e1s grande del pa\u00eds, para protestar contra el &#8220;genocidio&#8221; de \u201cIsrael\u201d en la Franja de Gaza.<\/p>\n<p style=\"text-align: justify;\">La agencia de noticias France-Presse inform\u00f3 que los estudiantes colocaron banderas palestinas en su campamento de protesta frente a la mencionada universidad y exigieron que se detuviera inmediatamente la agresi\u00f3n israel\u00ed a la Franja de Gaza, que se levantara el asedio y que se permitiera la entrada de ayuda humanitaria.<\/p>\n<p style=\"text-align: justify;\">Los estudiantes solidarios corearon consignas que inclu\u00edan \u201cViva Palestina libre\u201d y \u201cDesde el r\u00edo hasta el mar, Palestina triunfar\u00e1\u201d, asimismo pidieron al gobierno mexicano que rompa relaciones diplom\u00e1ticas y comerciales con la entidad de ocupaci\u00f3n israel\u00ed.<\/p>\n<p style=\"text-align: justify;\">Valentina Pino, estudiante en la Facultad de Filosof\u00eda y Artes, dijo: \u201cEstamos aqu\u00ed para apoyar a Palestina y su pueblo y para apoyar el movimiento de protesta estudiantil en Estados Unidos\u201d. A su vez, su colega de la misma universidad, Jimena Rosas, expres\u00f3 su esperanza de que el contagio de este campamento de protesta se extienda a otras universidades del pa\u00eds.<\/p>\n<p><img loading=\"lazy\" decoding=\"async\" class=\"alignnone wp-image-328301 size-full\" src=\"http:\/\/sana.sy\/es\/wp-content\/uploads\/2024\/05\/Estudiantes-solidarios-con-Palestina-protestan-frente-a-la-universidad-mas-grande-de-Mexico0.jpeg\" alt=\"\" width=\"1280\" height=\"720\" srcset=\"https:\/\/archive.sana.sy\/es\/wp-content\/uploads\/2024\/05\/Estudiantes-solidarios-con-Palestina-protestan-frente-a-la-universidad-mas-grande-de-Mexico0.jpeg 1280w, https:\/\/archive.sana.sy\/es\/wp-content\/uploads\/2024\/05\/Estudiantes-solidarios-con-Palestina-protestan-frente-a-la-universidad-mas-grande-de-Mexico0-300x169.jpeg 300w, https:\/\/archive.sana.sy\/es\/wp-content\/uploads\/2024\/05\/Estudiantes-solidarios-con-Palestina-protestan-frente-a-la-universidad-mas-grande-de-Mexico0-1024x576.jpeg 1024w, https:\/\/archive.sana.sy\/es\/wp-content\/uploads\/2024\/05\/Estudiantes-solidarios-con-Palestina-protestan-frente-a-la-universidad-mas-grande-de-Mexico0-150x84.jpeg 150w, https:\/\/archive.sana.sy\/es\/wp-content\/uploads\/2024\/05\/Estudiantes-solidarios-con-Palestina-protestan-frente-a-la-universidad-mas-grande-de-Mexico0-768x432.jpeg 768w\" sizes=\"(max-width: 1280px) 100vw, 1280px\" \/><\/p>\n<p style=\"text-align: justify;\">sm<\/p>\n","protected":false},"excerpt":{"rendered":"<p>Ciudad de M\u00e9xico, 03 may (SANA)\u00a0 \u00a0Cientos de estudiantes y activistas pro palestinos en la Ciudad de M\u00e9xico organizaron una sentada frente a la Universidad Nacional Aut\u00f3noma de M\u00e9xico en la Ciudad de M\u00e9xico, la m\u00e1s grande del pa\u00eds, para protestar contra el &#8220;genocidio&#8221; de \u201cIsrael\u201d en la Franja de Gaza. La agencia de noticias &hellip;<\/p>\n","protected":false},"author":39,"featured_media":328299,"comment_status":"closed","ping_status":"closed","sticky":false,"template":"","format":"standard","meta":{"footnotes":""},"categories":[597,456,16687,20724,7541],"tags":[],"class_list":["post-328298","post","type-post","status-publish","format-standard","has-post-thumbnail","","category-cinta-de-noticias","category-arabe-internacional-politica","category-internacionales","category-minuto-a-minuto","category-ultimas-noticias"],"_links":{"self":[{"href":"https:\/\/archive.sana.sy\/es\/index.php?rest_route=\/wp\/v2\/posts\/328298"}],"collection":[{"href":"https:\/\/archive.sana.sy\/es\/index.php?rest_route=\/wp\/v2\/posts"}],"about":[{"href":"https:\/\/archive.sana.sy\/es\/index.php?rest_route=\/wp\/v2\/types\/post"}],"author":[{"embeddable":true,"href":"https:\/\/archive.sana.sy\/es\/index.php?rest_route=\/wp\/v2\/users\/39"}],"replies":[{"embeddable":true,"href":"https:\/\/archive.sana.sy\/es\/index.php?rest_route=%2Fwp%2Fv2%2Fcomments&post=328298"}],"version-history":[{"count":2,"href":"https:\/\/archive.sana.sy\/es\/index.php?rest_route=\/wp\/v2\/posts\/328298\/revisions"}],"predecessor-version":[{"id":328302,"href":"https:\/\/archive.sana.sy\/es\/index.php?rest_route=\/wp\/v2\/posts\/328298\/revisions\/328302"}],"wp:featuredmedia":[{"embeddable":true,"href":"https:\/\/archive.sana.sy\/es\/index.php?rest_route=\/wp\/v2\/media\/328299"}],"wp:attachment":[{"href":"https:\/\/archive.sana.sy\/es\/index.php?rest_route=%2Fwp%2Fv2%2Fmedia&parent=328298"}],"wp:term":[{"taxonomy":"category","embeddable":true,"href":"https:\/\/archive.sana.sy\/es\/index.php?rest_route=%2Fwp%2Fv2%2Fcategories&post=328298"},{"taxonomy":"post_tag","embeddable":true,"href":"https:\/\/archive.sana.sy\/es\/index.php?rest_route=%2Fwp%2Fv2%2Ftags&post=328298"}],"curies":[{"name":"wp","href":"https:\/\/api.w.org\/{rel}","templated":true}]}}