{"id":328322,"date":"2024-05-04T20:00:03","date_gmt":"2024-05-04T17:00:03","guid":{"rendered":"https:\/\/sana.sy\/es\/?p=328322"},"modified":"2024-05-04T20:11:20","modified_gmt":"2024-05-04T17:11:20","slug":"presidente-al-assad-participa-en-reunion-ampliada-del-comite-central-del-partido-baath-arabe-socialista","status":"publish","type":"post","link":"https:\/\/archive.sana.sy\/es\/?p=328322","title":{"rendered":"Comit\u00e9 Central del Partido Baath celebra su reuni\u00f3n en presencia de su Secretario General (+ fotos)"},"content":{"rendered":"<p style=\"text-align: justify;\"><span style=\"color: #800000;\"><strong>Damasco, 4 may (SANA)<\/strong> <\/span>El secretario general del Partido Baath \u00c1rabe Socialista y presidente de la rep\u00fablica Bashar al-Assad, asisti\u00f3 hoy a la reuni\u00f3n ampliada del Comit\u00e9 Central del Partido que se celebr\u00f3 en el Palacio de Conferencias en las afueras de esta capital.<\/p>\n<p style=\"text-align: justify;\">El orden del d\u00eda de la reuni\u00f3n incluye la elecci\u00f3n de los miembros de un Comit\u00e9 Central y de una nueva Direcci\u00f3n Central del partido.<\/p>\n<p style=\"text-align: justify;\">Esta reuni\u00f3n marca la tercera etapa del continuo proceso democr\u00e1tico lanzado por el presidente Al-Assad durante la reuni\u00f3n del Comit\u00e9 Central a principios de a\u00f1o.<\/p>\n<p style=\"text-align: justify;\">Este proceso ha sido marcado por elecciones transparentes y p\u00fablicas a nivel de los n\u00facleos del partido primero, y luego a nivel de departamentos.<\/p>\n<p style=\"text-align: justify;\">El Partido Baath se\u00f1al\u00f3 que lo nuevo en este proceso es considerar a Siria como una circunscripci\u00f3n electoral \u00fanica y las elecciones ser\u00e1n completamente automatizadas, utilizando las \u00faltimas tecnolog\u00edas.<\/p>\n<p style=\"text-align: justify;\">En sus palabras durante la reuni\u00f3n, el presidente Al-Assad habl\u00f3 sobre \u201cel concepto de relaci\u00f3n del partido con el poder, la revisi\u00f3n del reglamento interno del partido, el papel del Comit\u00e9 Central como nervio principal del partido, el papel del comit\u00e9 de supervisi\u00f3n e inspecci\u00f3n del partido y el proceso de rendici\u00f3n de cuentas dentro del partido\u201d.<\/p>\n<p>Tambi\u00e9n abord\u00f3 la importancia de desarrollar la estructura organizativa como una necesidad nacional y tambi\u00e9n del partido, y el enfoque socialista, entre la ideolog\u00eda, por un lado, y las normas econ\u00f3micas, por el otro.<\/p>\n<p style=\"text-align: justify;\">El presidente Al-Assad opin\u00f3 que, en estas circunstancias en las que el mundo entero es testigo de guerras de naturaleza cultural e ideol\u00f3gica, los partidos ideol\u00f3gicos se vuelven mucho m\u00e1s importantes que antes, y no como se promocionaba hace tres d\u00e9cadas, que la era de las ideolog\u00edas ha terminado y que la era de los partidos ha llegado a su fin.<\/p>\n<p style=\"text-align: justify;\">A\u00f1adi\u00f3 que la visi\u00f3n del partido, espec\u00edficamente en lo relativo a cuestiones internas, se basa en el socialismo para lograr la justicia social.<\/p>\n<div id='gallery-1' class='gallery galleryid-328322 gallery-columns-1 gallery-size-full'><figure class='gallery-item'>\n\t\t\t<div class='gallery-icon landscape'>\n\t\t\t\t<a href='https:\/\/archive.sana.sy\/es\/wp-content\/uploads\/2024\/05\/photo_2024-05-04_10-59-32.jpg'><img loading=\"lazy\" decoding=\"async\" width=\"1280\" height=\"853\" src=\"https:\/\/archive.sana.sy\/es\/wp-content\/uploads\/2024\/05\/photo_2024-05-04_10-59-32.jpg\" class=\"attachment-full size-full\" alt=\"\" srcset=\"https:\/\/archive.sana.sy\/es\/wp-content\/uploads\/2024\/05\/photo_2024-05-04_10-59-32.jpg 1280w, https:\/\/archive.sana.sy\/es\/wp-content\/uploads\/2024\/05\/photo_2024-05-04_10-59-32-300x200.jpg 300w, https:\/\/archive.sana.sy\/es\/wp-content\/uploads\/2024\/05\/photo_2024-05-04_10-59-32-1024x682.jpg 1024w, https:\/\/archive.sana.sy\/es\/wp-content\/uploads\/2024\/05\/photo_2024-05-04_10-59-32-150x100.jpg 150w, https:\/\/archive.sana.sy\/es\/wp-content\/uploads\/2024\/05\/photo_2024-05-04_10-59-32-768x512.jpg 768w\" sizes=\"(max-width: 1280px) 100vw, 1280px\" \/><\/a>\n\t\t\t<\/div><\/figure><figure class='gallery-item'>\n\t\t\t<div class='gallery-icon landscape'>\n\t\t\t\t<a href='https:\/\/archive.sana.sy\/es\/wp-content\/uploads\/2024\/05\/photo_2024-05-04_10-59-30.jpg'><img loading=\"lazy\" decoding=\"async\" width=\"1280\" height=\"853\" src=\"https:\/\/archive.sana.sy\/es\/wp-content\/uploads\/2024\/05\/photo_2024-05-04_10-59-30.jpg\" class=\"attachment-full size-full\" alt=\"\" srcset=\"https:\/\/archive.sana.sy\/es\/wp-content\/uploads\/2024\/05\/photo_2024-05-04_10-59-30.jpg 1280w, https:\/\/archive.sana.sy\/es\/wp-content\/uploads\/2024\/05\/photo_2024-05-04_10-59-30-300x200.jpg 300w, https:\/\/archive.sana.sy\/es\/wp-content\/uploads\/2024\/05\/photo_2024-05-04_10-59-30-1024x682.jpg 1024w, https:\/\/archive.sana.sy\/es\/wp-content\/uploads\/2024\/05\/photo_2024-05-04_10-59-30-150x100.jpg 150w, https:\/\/archive.sana.sy\/es\/wp-content\/uploads\/2024\/05\/photo_2024-05-04_10-59-30-768x512.jpg 768w\" sizes=\"(max-width: 1280px) 100vw, 1280px\" \/><\/a>\n\t\t\t<\/div><\/figure><figure class='gallery-item'>\n\t\t\t<div class='gallery-icon landscape'>\n\t\t\t\t<a href='https:\/\/archive.sana.sy\/es\/wp-content\/uploads\/2024\/05\/photo_2024-05-04_10-59-27.jpg'><img loading=\"lazy\" decoding=\"async\" width=\"1280\" height=\"658\" src=\"https:\/\/archive.sana.sy\/es\/wp-content\/uploads\/2024\/05\/photo_2024-05-04_10-59-27.jpg\" class=\"attachment-full size-full\" alt=\"\" srcset=\"https:\/\/archive.sana.sy\/es\/wp-content\/uploads\/2024\/05\/photo_2024-05-04_10-59-27.jpg 1280w, https:\/\/archive.sana.sy\/es\/wp-content\/uploads\/2024\/05\/photo_2024-05-04_10-59-27-300x154.jpg 300w, https:\/\/archive.sana.sy\/es\/wp-content\/uploads\/2024\/05\/photo_2024-05-04_10-59-27-1024x526.jpg 1024w, https:\/\/archive.sana.sy\/es\/wp-content\/uploads\/2024\/05\/photo_2024-05-04_10-59-27-150x77.jpg 150w, https:\/\/archive.sana.sy\/es\/wp-content\/uploads\/2024\/05\/photo_2024-05-04_10-59-27-768x395.jpg 768w\" sizes=\"(max-width: 1280px) 100vw, 1280px\" \/><\/a>\n\t\t\t<\/div><\/figure><figure class='gallery-item'>\n\t\t\t<div class='gallery-icon landscape'>\n\t\t\t\t<a href='https:\/\/archive.sana.sy\/es\/wp-content\/uploads\/2024\/05\/photo_2024-05-04_10-59-25-1.jpg'><img loading=\"lazy\" decoding=\"async\" width=\"1280\" height=\"784\" src=\"https:\/\/archive.sana.sy\/es\/wp-content\/uploads\/2024\/05\/photo_2024-05-04_10-59-25-1.jpg\" class=\"attachment-full size-full\" alt=\"\" srcset=\"https:\/\/archive.sana.sy\/es\/wp-content\/uploads\/2024\/05\/photo_2024-05-04_10-59-25-1.jpg 1280w, https:\/\/archive.sana.sy\/es\/wp-content\/uploads\/2024\/05\/photo_2024-05-04_10-59-25-1-300x184.jpg 300w, https:\/\/archive.sana.sy\/es\/wp-content\/uploads\/2024\/05\/photo_2024-05-04_10-59-25-1-1024x627.jpg 1024w, https:\/\/archive.sana.sy\/es\/wp-content\/uploads\/2024\/05\/photo_2024-05-04_10-59-25-1-150x92.jpg 150w, https:\/\/archive.sana.sy\/es\/wp-content\/uploads\/2024\/05\/photo_2024-05-04_10-59-25-1-768x470.jpg 768w\" sizes=\"(max-width: 1280px) 100vw, 1280px\" \/><\/a>\n\t\t\t<\/div><\/figure>\n\t\t<\/div>\n\n<p>ah\/fm\/sm<\/p>\n","protected":false},"excerpt":{"rendered":"<p>Damasco, 4 may (SANA) El secretario general del Partido Baath \u00c1rabe Socialista y presidente de la rep\u00fablica Bashar al-Assad, asisti\u00f3 hoy a la reuni\u00f3n ampliada del Comit\u00e9 Central del Partido que se celebr\u00f3 en el Palacio de Conferencias en las afueras de esta capital. El orden del d\u00eda de la reuni\u00f3n incluye la elecci\u00f3n de &hellip;<\/p>\n","protected":false},"author":30,"featured_media":328323,"comment_status":"closed","ping_status":"closed","sticky":false,"template":"","format":"standard","meta":{"footnotes":""},"categories":[597,20724,476,16237,583,626],"tags":[7161,22500,6553],"class_list":["post-328322","post","type-post","status-publish","format-standard","has-post-thumbnail","","category-cinta-de-noticias","category-minuto-a-minuto","category-locales","category-presidence-de-la-republique-arabe-syria","category-slide","category-sr-presidente","tag-damasco","tag-partido-baath","tag-siria"],"_links":{"self":[{"href":"https:\/\/archive.sana.sy\/es\/index.php?rest_route=\/wp\/v2\/posts\/328322"}],"collection":[{"href":"https:\/\/archive.sana.sy\/es\/index.php?rest_route=\/wp\/v2\/posts"}],"about":[{"href":"https:\/\/archive.sana.sy\/es\/index.php?rest_route=\/wp\/v2\/types\/post"}],"author":[{"embeddable":true,"href":"https:\/\/archive.sana.sy\/es\/index.php?rest_route=\/wp\/v2\/users\/30"}],"replies":[{"embeddable":true,"href":"https:\/\/archive.sana.sy\/es\/index.php?rest_route=%2Fwp%2Fv2%2Fcomments&post=328322"}],"version-history":[{"count":7,"href":"https:\/\/archive.sana.sy\/es\/index.php?rest_route=\/wp\/v2\/posts\/328322\/revisions"}],"predecessor-version":[{"id":328373,"href":"https:\/\/archive.sana.sy\/es\/index.php?rest_route=\/wp\/v2\/posts\/328322\/revisions\/328373"}],"wp:featuredmedia":[{"embeddable":true,"href":"https:\/\/archive.sana.sy\/es\/index.php?rest_route=\/wp\/v2\/media\/328323"}],"wp:attachment":[{"href":"https:\/\/archive.sana.sy\/es\/index.php?rest_route=%2Fwp%2Fv2%2Fmedia&parent=328322"}],"wp:term":[{"taxonomy":"category","embeddable":true,"href":"https:\/\/archive.sana.sy\/es\/index.php?rest_route=%2Fwp%2Fv2%2Fcategories&post=328322"},{"taxonomy":"post_tag","embeddable":true,"href":"https:\/\/archive.sana.sy\/es\/index.php?rest_route=%2Fwp%2Fv2%2Ftags&post=328322"}],"curies":[{"name":"wp","href":"https:\/\/api.w.org\/{rel}","templated":true}]}}