{"id":32835,"date":"2015-11-04T22:21:37","date_gmt":"2015-11-04T20:21:37","guid":{"rendered":"http:\/\/www.sana.sy\/es\/?p=32835"},"modified":"2015-11-04T22:23:39","modified_gmt":"2015-11-04T20:23:39","slug":"miqdad-se-reune-con-el-canciller-irani","status":"publish","type":"post","link":"https:\/\/archive.sana.sy\/es\/?p=32835","title":{"rendered":"Al-Miqdad debate con altos funcionarios iran\u00edes coordinaci\u00f3n bilateral en materia de la lucha antiterrorista"},"content":{"rendered":"<p><span style=\"color: #800000\">Teher\u00e1n, SANA<\/span><\/p>\n<p>El Viceministro de Exteriores y Expatriados, Faisal al-Miqdad, contin\u00faa su visita a Ir\u00e1n.<\/p>\n<p>Este mi\u00e9rcoles, el vicecanciller sirio se reuni\u00f3n con el presidente de la Asamblea Consultiva Isl\u00e1mica de Ir\u00e1n, Ali Larijani.<\/p>\n<p>Las conversaciones bilaterales abordaron los acontecimientos pol\u00edticos y militares en Siria, y los esfuerzos para combatir al terrorismo.<\/p>\n<p>Larijani reiter\u00f3 el firme apoyo de su pa\u00eds a Siria, tanto pueblo como Gobierno en la lucha contra el terrorismo, subrayando que Ir\u00e1n no escatimar\u00e1 ning\u00fan esfuerzo para ayudar al Estado sirio en restaurar la seguridad en su\u00a0territorio.<\/p>\n<p>En este contexto, alab\u00f3 los avances logrados por el ej\u00e9rcito sirio contra las organizaciones terroristas.<\/p>\n<p>A su vez, el Vicecanciller sirio hizo una panor\u00e1mica sobre los logros alcanzados por las fuerzas armadas sirias en cooperaci\u00f3n con las amigas, acotando que la lucha antiterrorista ocupa la lista de las prioridades del pueblo sirio, ya que este proceso allanar\u00e1 el camino hacia un arreglo pol\u00edtico basado en el respeto de la soberan\u00eda de Siria y el derecho de su pueblo a la autodeterminaci\u00f3n.<\/p>\n<p>Cabe se\u00f1alar que el\u00a0diplom\u00e1tico sirio se hab\u00eda reunido ayer martes con el vicecanciller iran\u00ed para Asuntos \u00c1rabes y Africanos, Hossein Amir Abdollahian.<\/p>\n<p><span style=\"color: #0000ff\">Miqdad se re\u00fane con el Canciller iran\u00ed\u00a0<\/span><\/p>\n<p>Por otro lado, el vicecanciller sirio se reuni\u00f3 con el ministro de Exteriores iran\u00ed Moahmmed Javad Zarif.<br \/>\n<img loading=\"lazy\" decoding=\"async\" class=\"aligncenter size-medium wp-image-32871\" src=\"http:\/\/sana.sy\/es\/wp-content\/uploads\/2015\/11\/Miqdad-Zarif-300x168.jpg\" alt=\"Miqdad- Zarif\" width=\"300\" height=\"168\" srcset=\"https:\/\/archive.sana.sy\/es\/wp-content\/uploads\/2015\/11\/Miqdad-Zarif-300x168.jpg 300w, https:\/\/archive.sana.sy\/es\/wp-content\/uploads\/2015\/11\/Miqdad-Zarif-150x84.jpg 150w, https:\/\/archive.sana.sy\/es\/wp-content\/uploads\/2015\/11\/Miqdad-Zarif.jpg 660w\" sizes=\"(max-width: 300px) 100vw, 300px\" \/><\/p>\n<p>Ambos diplom\u00e1ticos debatieron la coordinaci\u00f3n bilateral para combatir el terrorismo y los actuales esfuerzos para lograr una soluci\u00f3n pol\u00edtica a la crisis en Siria.<\/p>\n<p>El jefe de la diplomacia iran\u00ed hizo una panor\u00e1mica sobre los resultados de la reuni\u00f3n de Viena sobre siria, ratificando la necesidad de continuar las conversaciones y la coordinaci\u00f3n para alcanzar un arreglo de la crisis siria que preserve los firmes principios sirios.<\/p>\n<p>\u201cEl pueblo sirio es el que decidir\u00e1 el futuro de su pa\u00eds, y la misi\u00f3n de los pa\u00edses dem\u00e1s consiste en facilitar el di\u00e1logo entre los sirios\u201d, dijo el Canciller iran\u00ed.<\/p>\n<p><span style=\"color: #0000ff\">Velayati reafirma postura iran\u00ed de apoyo a Siria<\/span><\/p>\n<p>Como parte de su visita a Teher\u00e1n, al-Miqdad sostuvo conversaciones con Ali Akbar Velayati, asesor del M\u00e1ximo L\u00edder de la Revoluci\u00f3n Isl\u00e1mica en Ir\u00e1n para Asuntos Internacionales.<\/p>\n<p>Velayati reafirm\u00f3 la firmeza de la postura iran\u00ed de apoyo a Siria en su lucha contra el terrorismo y para garantizar el\u00a0retorno de la seguridad y la estabilidad a la misma.<\/p>\n<p><img loading=\"lazy\" decoding=\"async\" class=\"aligncenter size-medium wp-image-32870\" src=\"http:\/\/sana.sy\/es\/wp-content\/uploads\/2015\/11\/Miqdad-Velayati-300x168.jpg\" alt=\"Miqdad- Velayati\" width=\"300\" height=\"168\" srcset=\"https:\/\/archive.sana.sy\/es\/wp-content\/uploads\/2015\/11\/Miqdad-Velayati-300x168.jpg 300w, https:\/\/archive.sana.sy\/es\/wp-content\/uploads\/2015\/11\/Miqdad-Velayati-150x84.jpg 150w, https:\/\/archive.sana.sy\/es\/wp-content\/uploads\/2015\/11\/Miqdad-Velayati.jpg 660w\" sizes=\"(max-width: 300px) 100vw, 300px\" \/><\/p>\n<p>Tras la reuni\u00f3n, el alto pol\u00edtico iran\u00ed destac\u00f3 en una rueda de prensa conjunta la necesidad de que ambas partes prosigan las conversaciones para dar con una soluci\u00f3n pol\u00edtica que respete la soberan\u00eda, independencia e integridad territorial de Siria.<\/p>\n<p>Asimismo reiter\u00f3 que su pa\u00eds no aceptar\u00e1 ninguna iniciativa fuera del consentimiento del Gobierno y el pueblo de Siria, desmintiendo noticias sobre una supuesta cooperaci\u00f3n con EEUU respecto a esta naci\u00f3n.<\/p>\n<p>A su vez, al-Miqdad denunci\u00f3 que las fuerzas que tratan de dividir a Siria son las mismas que est\u00e1n planteando la idea del periodo de transici\u00f3n a fin de servir a sus propios intereses y lograr lo que no pudieron alcanzar miliariamente sobre el terreno.<\/p>\n<p>&nbsp;<\/p>\n<p>&nbsp;<\/p>\n<p>Fady M., Lynn A.<\/p>\n","protected":false},"excerpt":{"rendered":"<p>Teher\u00e1n, SANA El Viceministro de Exteriores y Expatriados, Faisal al-Miqdad, contin\u00faa su visita a Ir\u00e1n. Este mi\u00e9rcoles, el vicecanciller sirio se reuni\u00f3n con el presidente de la Asamblea Consultiva Isl\u00e1mica de Ir\u00e1n, Ali Larijani. Las conversaciones bilaterales abordaron los acontecimientos pol\u00edticos y militares en Siria, y los esfuerzos para combatir al terrorismo. Larijani reiter\u00f3 el &hellip;<\/p>\n","protected":false},"author":24,"featured_media":32836,"comment_status":"closed","ping_status":"closed","sticky":false,"template":"","format":"standard","meta":{"footnotes":""},"categories":[456,457,576],"tags":[],"class_list":["post-32835","post","type-post","status-publish","format-standard","has-post-thumbnail","","category-arabe-internacional-politica","category-noticias-arabe-internacional-politica","category-noticias-politicas"],"_links":{"self":[{"href":"https:\/\/archive.sana.sy\/es\/index.php?rest_route=\/wp\/v2\/posts\/32835"}],"collection":[{"href":"https:\/\/archive.sana.sy\/es\/index.php?rest_route=\/wp\/v2\/posts"}],"about":[{"href":"https:\/\/archive.sana.sy\/es\/index.php?rest_route=\/wp\/v2\/types\/post"}],"author":[{"embeddable":true,"href":"https:\/\/archive.sana.sy\/es\/index.php?rest_route=\/wp\/v2\/users\/24"}],"replies":[{"embeddable":true,"href":"https:\/\/archive.sana.sy\/es\/index.php?rest_route=%2Fwp%2Fv2%2Fcomments&post=32835"}],"version-history":[{"count":0,"href":"https:\/\/archive.sana.sy\/es\/index.php?rest_route=\/wp\/v2\/posts\/32835\/revisions"}],"wp:featuredmedia":[{"embeddable":true,"href":"https:\/\/archive.sana.sy\/es\/index.php?rest_route=\/wp\/v2\/media\/32836"}],"wp:attachment":[{"href":"https:\/\/archive.sana.sy\/es\/index.php?rest_route=%2Fwp%2Fv2%2Fmedia&parent=32835"}],"wp:term":[{"taxonomy":"category","embeddable":true,"href":"https:\/\/archive.sana.sy\/es\/index.php?rest_route=%2Fwp%2Fv2%2Fcategories&post=32835"},{"taxonomy":"post_tag","embeddable":true,"href":"https:\/\/archive.sana.sy\/es\/index.php?rest_route=%2Fwp%2Fv2%2Ftags&post=32835"}],"curies":[{"name":"wp","href":"https:\/\/api.w.org\/{rel}","templated":true}]}}