{"id":328395,"date":"2024-05-05T09:42:13","date_gmt":"2024-05-05T06:42:13","guid":{"rendered":"https:\/\/sana.sy\/es\/?p=328395"},"modified":"2024-05-05T09:42:13","modified_gmt":"2024-05-05T06:42:13","slug":"al-assad-habla-sobre-la-ideologia-del-partido-baath","status":"publish","type":"post","link":"https:\/\/archive.sana.sy\/es\/?p=328395","title":{"rendered":"Al-Assad habla sobre la ideolog\u00eda del partido Baath"},"content":{"rendered":"<p style=\"text-align: justify;\"><span style=\"color: #800000;\"><strong>Damasco, 5 may (SANA)<\/strong> <\/span>El secretario general del Partido Baath \u00c1rabe Socialista y presidente de la rep\u00fablica, Bashar al-Assad, ratific\u00f3 la necesidad de desarrollar la ideolog\u00eda del Partido.<\/p>\n<p style=\"text-align: justify;\">\u201cNuestro partido ideol\u00f3gico ha representado a lo largo de la historia un problema real para los enemigos, pues toda doctrina que busca unificar y fortalecer la sociedad y proteger la patria es obviamente un problema para los enemigos\u201d, dijo el mandatario en un discurso pronunciado durante la reuni\u00f3n ampliada del Comit\u00e9 Central del Partido que se celebr\u00f3 en el Palacio de Conferencias en las afueras de esta capital.<\/p>\n<p style=\"text-align: justify;\">Consider\u00f3 que lo m\u00e1s peligroso que enfrenta la naci\u00f3n son las guerras ideol\u00f3gicas como el neonazismo, el liberalismo moderno y el extremismo religioso, y estas guerras ideol\u00f3gicas no pueden enfrentarse excepto con ideolog\u00edas.<\/p>\n<p style=\"text-align: justify;\">\u201cIncluso en las guerras econ\u00f3micas y terroristas, el objetivo no es necesariamente hacer morir de hambre al pueblo a trav\u00e9s de la econom\u00eda o matar a trav\u00e9s del terrorismo, sino m\u00e1s bien el objetivo es llegar a una cultura de desesperaci\u00f3n que con el tiempo y la acumulaci\u00f3n se convierta en una doctrina que reemplace a otras afecte a principios y, por lo tanto, renunciar a derechos\u201d, precis\u00f3.<\/p>\n<p style=\"text-align: justify;\">A-Assad manifest\u00f3 que, en medio de estas circunstancias, los partidos ideol\u00f3gicos se vuelven mucho m\u00e1s importantes que antes, y no como se anunciaba hace tres d\u00e9cadas de que se acab\u00f3 la era de las ideolog\u00edas y que se acab\u00f3 la era de los partidos ideol\u00f3gicos.<\/p>\n<p style=\"text-align: justify;\">En el mundo actual, el extremismo es una doctrina, al igual que el liberalismo moderno y la sumisi\u00f3n que Occidente exige bajo diversos t\u00edtulos, lo cual hace importante el papel de los partidos ideol\u00f3gicos, especialmente el Baath, afirm\u00f3.<\/p>\n<p style=\"text-align: justify;\">El jefe de Estado reconoci\u00f3 que 77 a\u00f1os despu\u00e9s de la fundaci\u00f3n del Partido y de 13 a\u00f1os de guerra terrorista contra Siria, se han acumulado aspectos negativos, ya sea por falta de desarrollo o por no solucionar los errores acumulados.<\/p>\n<p style=\"text-align: justify;\">\u201cCreo que lo que nos da miedo no son los enemigos por m\u00e1s numerosos que sean y por muy feroces que parezcan, sino no solucionar esos errores acumulados porque pueden llevar a la ca\u00edda del partido como instituci\u00f3n y doctrina\u201d, asever\u00f3.<\/p>\n<p style=\"text-align: justify;\">Asimismo, opin\u00f3 que el desaf\u00edo para el partido es reformular el pensamiento de una manera que sea consistente con la actualidad sin contradecir la pertenec\u00eda, e interactuar con el presente, pero sin separarse las ra\u00edces.<\/p>\n<p style=\"text-align: justify;\">\u201cEl arabismo seguir\u00e1 siendo la base de nuestro pensamiento, de nuestras orientaciones y de nuestra afiliaci\u00f3n innata y natural, porque el arabismo para nosotros es la columna vertebral que sostiene los componentes de la sociedad, y cuando la columna vertebral colapsa, los v\u00ednculos entre los \u00f3rganos se desintegran y todo el cuerpo colapsa\u201d, aclar\u00f3.<\/p>\n<p style=\"text-align: justify;\">Llam\u00f3 a desarrollar la ideolog\u00eda del partido y centrarse en crear valores humanos de alto nivel son los que crean estabilidad en nuestra sociedad y protegerla del extremismo y del liberalismo moderno que es destructivo para las sociedades.<\/p>\n<p style=\"text-align: justify;\">fm\/as<\/p>\n","protected":false},"excerpt":{"rendered":"<p>Damasco, 5 may (SANA) El secretario general del Partido Baath \u00c1rabe Socialista y presidente de la rep\u00fablica, Bashar al-Assad, ratific\u00f3 la necesidad de desarrollar la ideolog\u00eda del Partido. \u201cNuestro partido ideol\u00f3gico ha representado a lo largo de la historia un problema real para los enemigos, pues toda doctrina que busca unificar y fortalecer la sociedad &hellip;<\/p>\n","protected":false},"author":42,"featured_media":328396,"comment_status":"closed","ping_status":"closed","sticky":false,"template":"","format":"standard","meta":{"footnotes":""},"categories":[597,20724,16237,583],"tags":[],"class_list":["post-328395","post","type-post","status-publish","format-standard","has-post-thumbnail","","category-cinta-de-noticias","category-minuto-a-minuto","category-presidence-de-la-republique-arabe-syria","category-slide"],"_links":{"self":[{"href":"https:\/\/archive.sana.sy\/es\/index.php?rest_route=\/wp\/v2\/posts\/328395"}],"collection":[{"href":"https:\/\/archive.sana.sy\/es\/index.php?rest_route=\/wp\/v2\/posts"}],"about":[{"href":"https:\/\/archive.sana.sy\/es\/index.php?rest_route=\/wp\/v2\/types\/post"}],"author":[{"embeddable":true,"href":"https:\/\/archive.sana.sy\/es\/index.php?rest_route=\/wp\/v2\/users\/42"}],"replies":[{"embeddable":true,"href":"https:\/\/archive.sana.sy\/es\/index.php?rest_route=%2Fwp%2Fv2%2Fcomments&post=328395"}],"version-history":[{"count":1,"href":"https:\/\/archive.sana.sy\/es\/index.php?rest_route=\/wp\/v2\/posts\/328395\/revisions"}],"predecessor-version":[{"id":328397,"href":"https:\/\/archive.sana.sy\/es\/index.php?rest_route=\/wp\/v2\/posts\/328395\/revisions\/328397"}],"wp:featuredmedia":[{"embeddable":true,"href":"https:\/\/archive.sana.sy\/es\/index.php?rest_route=\/wp\/v2\/media\/328396"}],"wp:attachment":[{"href":"https:\/\/archive.sana.sy\/es\/index.php?rest_route=%2Fwp%2Fv2%2Fmedia&parent=328395"}],"wp:term":[{"taxonomy":"category","embeddable":true,"href":"https:\/\/archive.sana.sy\/es\/index.php?rest_route=%2Fwp%2Fv2%2Fcategories&post=328395"},{"taxonomy":"post_tag","embeddable":true,"href":"https:\/\/archive.sana.sy\/es\/index.php?rest_route=%2Fwp%2Fv2%2Ftags&post=328395"}],"curies":[{"name":"wp","href":"https:\/\/api.w.org\/{rel}","templated":true}]}}