{"id":32841,"date":"2015-11-04T13:11:30","date_gmt":"2015-11-04T11:11:30","guid":{"rendered":"http:\/\/www.sana.sy\/es\/?p=32841"},"modified":"2015-11-04T15:22:05","modified_gmt":"2015-11-04T13:22:05","slug":"espana-detenidas-dos-personas-por-reclutar-a-terroristas-para-combatir-en-filas-del-ei","status":"publish","type":"post","link":"https:\/\/archive.sana.sy\/es\/?p=32841","title":{"rendered":"Espa\u00f1a: detenidas dos personas por reclutar a terroristas para combatir en filas del EI"},"content":{"rendered":"<p><span style=\"color: #800000\">Madrid, SANA<\/span><\/p>\n<p>La polic\u00eda espa\u00f1ola detuvo a dos personas por su implicaci\u00f3n en el reclutamiento de terroristas para unirse a la organizaci\u00f3n terrorista del Estado Isl\u00e1mico.<\/p>\n<p>El Ministerio del Interior espa\u00f1ol dijo en un comunicado que &#8220;uno de los acusados es de origen marroqu\u00ed y el segundo es de nacionalidad espa\u00f1ola, y fueron detenidos en la Cornella de Llobregat cercana a la ciudad de Barcelona en el nordeste del pa\u00eds.&#8221;<\/p>\n<p>El comunicado agreg\u00f3 que los acusados estaban en contacto con los terroristas del Estado Isl\u00e1mico y hac\u00eda acciones de reclutamiento y propaganda a favor de la mencionada organizaci\u00f3n extremista.<\/p>\n<p>Fady M., Lynn A.<\/p>\n","protected":false},"excerpt":{"rendered":"<p>Madrid, SANA La polic\u00eda espa\u00f1ola detuvo a dos personas por su implicaci\u00f3n en el reclutamiento de terroristas para unirse a la organizaci\u00f3n terrorista del Estado Isl\u00e1mico. El Ministerio del Interior espa\u00f1ol dijo en un comunicado que &#8220;uno de los acusados es de origen marroqu\u00ed y el segundo es de nacionalidad espa\u00f1ola, y fueron detenidos en &hellip;<\/p>\n","protected":false},"author":24,"featured_media":32842,"comment_status":"closed","ping_status":"closed","sticky":false,"template":"","format":"standard","meta":{"footnotes":""},"categories":[456,457,576],"tags":[],"class_list":["post-32841","post","type-post","status-publish","format-standard","has-post-thumbnail","","category-arabe-internacional-politica","category-noticias-arabe-internacional-politica","category-noticias-politicas"],"_links":{"self":[{"href":"https:\/\/archive.sana.sy\/es\/index.php?rest_route=\/wp\/v2\/posts\/32841"}],"collection":[{"href":"https:\/\/archive.sana.sy\/es\/index.php?rest_route=\/wp\/v2\/posts"}],"about":[{"href":"https:\/\/archive.sana.sy\/es\/index.php?rest_route=\/wp\/v2\/types\/post"}],"author":[{"embeddable":true,"href":"https:\/\/archive.sana.sy\/es\/index.php?rest_route=\/wp\/v2\/users\/24"}],"replies":[{"embeddable":true,"href":"https:\/\/archive.sana.sy\/es\/index.php?rest_route=%2Fwp%2Fv2%2Fcomments&post=32841"}],"version-history":[{"count":0,"href":"https:\/\/archive.sana.sy\/es\/index.php?rest_route=\/wp\/v2\/posts\/32841\/revisions"}],"wp:featuredmedia":[{"embeddable":true,"href":"https:\/\/archive.sana.sy\/es\/index.php?rest_route=\/wp\/v2\/media\/32842"}],"wp:attachment":[{"href":"https:\/\/archive.sana.sy\/es\/index.php?rest_route=%2Fwp%2Fv2%2Fmedia&parent=32841"}],"wp:term":[{"taxonomy":"category","embeddable":true,"href":"https:\/\/archive.sana.sy\/es\/index.php?rest_route=%2Fwp%2Fv2%2Fcategories&post=32841"},{"taxonomy":"post_tag","embeddable":true,"href":"https:\/\/archive.sana.sy\/es\/index.php?rest_route=%2Fwp%2Fv2%2Ftags&post=32841"}],"curies":[{"name":"wp","href":"https:\/\/api.w.org\/{rel}","templated":true}]}}