{"id":328428,"date":"2024-05-05T13:58:48","date_gmt":"2024-05-05T10:58:48","guid":{"rendered":"https:\/\/sana.sy\/es\/?p=328428"},"modified":"2024-05-05T13:58:48","modified_gmt":"2024-05-05T10:58:48","slug":"asciende-a-34-mil-683-la-cifra-de-palestinos-asesinados-por-israel-en-gaza","status":"publish","type":"post","link":"https:\/\/archive.sana.sy\/es\/?p=328428","title":{"rendered":"Asciende a 34 mil 683 la cifra de palestinos asesinados por Israel en Gaza"},"content":{"rendered":"<p style=\"text-align: justify;\"><span style=\"color: #800000;\"><strong>Jerusal\u00e9n ocupada, 5 may (SANA)<\/strong> <\/span>Las fuerzas de ocupaci\u00f3n israel\u00edes contin\u00faan por 212 d\u00eda consecutivo sus brutales bombardeos por tierra, mar y aire contra la Franja de Gaza.<\/p>\n<p style=\"text-align: justify;\">El ocupante persiste en continuar su guerra genocida contra el pueblo palestino en este enclave costero a pesar de la resoluci\u00f3n del Consejo de Seguridad de la ONU que exige un inmediato alto al fuego.<\/p>\n<p style=\"text-align: justify;\">El Ministerio de Salud palestino anunci\u00f3 que el ocupante israel\u00ed cometi\u00f3 3 masacres en la Franja de Gaza durante las \u00faltimas 24 horas.<\/p>\n<p style=\"text-align: justify;\">El saldo de v\u00edctimas a consecuencia de estas masacres fue 29 muertos y 110 heridos, mientras el n\u00famero de v\u00edctimas durante 212 de agresi\u00f3n a Gaza ha aumentado a 34.683 muertos y 78.018 heridos, indic\u00f3 el ente de salud.<\/p>\n<p style=\"text-align: justify;\">Precis\u00f3 que las cifras anteriores abarcan los casos registrados en los hospitales pero las cifras reales son mayores porque miles siguen bajo los escombros o sus cuerpos tirados en las carreteras, y los equipos de ambulancias y de defensa civil no pueden llegar a ellos.<\/p>\n<p style=\"text-align: justify;\">Por otro lado, la aviaci\u00f3n israel\u00ed bombarde\u00f3 hoy varias ciudades y campamentos de refugiados en la Franja de Gaza.<\/p>\n<p style=\"text-align: justify;\">La agencia oficial de noticias Wafa report\u00f3 que aeronaves sionistas atacaron barrios en las urbes de Rafah, Deir Al-Balah y Gaza, en el sur, centro y norte del enclave costero, respectivamente. Tambi\u00e9n lanzaron proyectiles contra los campamentos de refugiados de Al-Maghazi y Al-Bureij.<\/p>\n<p style=\"text-align: justify;\">Seg\u00fan la fuente, las incursiones casaron v\u00edctimas mortales y heridos, aunque no precis\u00f3 la cifra.<\/p>\n<p style=\"text-align: justify;\">fm\/as<\/p>\n","protected":false},"excerpt":{"rendered":"<p>Jerusal\u00e9n ocupada, 5 may (SANA) Las fuerzas de ocupaci\u00f3n israel\u00edes contin\u00faan por 212 d\u00eda consecutivo sus brutales bombardeos por tierra, mar y aire contra la Franja de Gaza. El ocupante persiste en continuar su guerra genocida contra el pueblo palestino en este enclave costero a pesar de la resoluci\u00f3n del Consejo de Seguridad de la &hellip;<\/p>\n","protected":false},"author":42,"featured_media":328429,"comment_status":"closed","ping_status":"closed","sticky":false,"template":"","format":"standard","meta":{"footnotes":""},"categories":[597,456,16687,20724,7541],"tags":[],"class_list":["post-328428","post","type-post","status-publish","format-standard","has-post-thumbnail","","category-cinta-de-noticias","category-arabe-internacional-politica","category-internacionales","category-minuto-a-minuto","category-ultimas-noticias"],"_links":{"self":[{"href":"https:\/\/archive.sana.sy\/es\/index.php?rest_route=\/wp\/v2\/posts\/328428"}],"collection":[{"href":"https:\/\/archive.sana.sy\/es\/index.php?rest_route=\/wp\/v2\/posts"}],"about":[{"href":"https:\/\/archive.sana.sy\/es\/index.php?rest_route=\/wp\/v2\/types\/post"}],"author":[{"embeddable":true,"href":"https:\/\/archive.sana.sy\/es\/index.php?rest_route=\/wp\/v2\/users\/42"}],"replies":[{"embeddable":true,"href":"https:\/\/archive.sana.sy\/es\/index.php?rest_route=%2Fwp%2Fv2%2Fcomments&post=328428"}],"version-history":[{"count":1,"href":"https:\/\/archive.sana.sy\/es\/index.php?rest_route=\/wp\/v2\/posts\/328428\/revisions"}],"predecessor-version":[{"id":328430,"href":"https:\/\/archive.sana.sy\/es\/index.php?rest_route=\/wp\/v2\/posts\/328428\/revisions\/328430"}],"wp:featuredmedia":[{"embeddable":true,"href":"https:\/\/archive.sana.sy\/es\/index.php?rest_route=\/wp\/v2\/media\/328429"}],"wp:attachment":[{"href":"https:\/\/archive.sana.sy\/es\/index.php?rest_route=%2Fwp%2Fv2%2Fmedia&parent=328428"}],"wp:term":[{"taxonomy":"category","embeddable":true,"href":"https:\/\/archive.sana.sy\/es\/index.php?rest_route=%2Fwp%2Fv2%2Fcategories&post=328428"},{"taxonomy":"post_tag","embeddable":true,"href":"https:\/\/archive.sana.sy\/es\/index.php?rest_route=%2Fwp%2Fv2%2Ftags&post=328428"}],"curies":[{"name":"wp","href":"https:\/\/api.w.org\/{rel}","templated":true}]}}