{"id":328437,"date":"2024-05-05T14:24:41","date_gmt":"2024-05-05T11:24:41","guid":{"rendered":"https:\/\/sana.sy\/es\/?p=328437"},"modified":"2024-05-05T14:24:41","modified_gmt":"2024-05-05T11:24:41","slug":"masivo-exodo-de-mercenarios-extranjeros-tras-las-grandes-perdidas-sufridas-por-las-fuerzas-ucranianas","status":"publish","type":"post","link":"https:\/\/archive.sana.sy\/es\/?p=328437","title":{"rendered":"Masivo \u00e9xodo de mercenarios extranjeros tras las grandes p\u00e9rdidas sufridas por las fuerzas ucranianas"},"content":{"rendered":"<p style=\"text-align: justify;\"><span style=\"color: #800000;\"><strong>Mosc\u00fa, 5 may (SANA) <\/strong><\/span>El miembro del Consejo de la Federaci\u00f3n Rusa, Igor Kastyukevich, habl\u00f3 de un fuerte \u00e9xodo de mercenarios extranjeros de las filas de las fuerzas ucranianas, debido a las grandes p\u00e9rdidas.<\/p>\n<p style=\"text-align: justify;\">\u201cRusia document\u00f3 que la principal afluencia de mercenarios extranjeros proviene de Polonia, Canad\u00e1 y Estados Unidos, pero ahora vemos a muchos de ellos regresar a sus pa\u00edses\u201d, dijo el senador ruso .<\/p>\n<p style=\"text-align: justify;\">Agreg\u00f3 que \u201clos mercenarios no ven ning\u00fan beneficio de su participaci\u00f3n en la guerra, porque se dan cuenta de que la derrota de Ucrania est\u00e1 muy cerca y que el r\u00e9gimen de Kiev perder\u00e1 la guerra en su guerra\u201d.<\/p>\n<p style=\"text-align: justify;\">El legislador indic\u00f3 que la raz\u00f3n principal de esta huida es la falta de motivaci\u00f3n por continuar la guerra.<\/p>\n<p style=\"text-align: justify;\">as\/fm<\/p>\n","protected":false},"excerpt":{"rendered":"<p>Mosc\u00fa, 5 may (SANA) El miembro del Consejo de la Federaci\u00f3n Rusa, Igor Kastyukevich, habl\u00f3 de un fuerte \u00e9xodo de mercenarios extranjeros de las filas de las fuerzas ucranianas, debido a las grandes p\u00e9rdidas. \u201cRusia document\u00f3 que la principal afluencia de mercenarios extranjeros proviene de Polonia, Canad\u00e1 y Estados Unidos, pero ahora vemos a muchos &hellip;<\/p>\n","protected":false},"author":42,"featured_media":328438,"comment_status":"closed","ping_status":"closed","sticky":false,"template":"","format":"standard","meta":{"footnotes":""},"categories":[597,456,16687,20724,7541],"tags":[],"class_list":["post-328437","post","type-post","status-publish","format-standard","has-post-thumbnail","","category-cinta-de-noticias","category-arabe-internacional-politica","category-internacionales","category-minuto-a-minuto","category-ultimas-noticias"],"_links":{"self":[{"href":"https:\/\/archive.sana.sy\/es\/index.php?rest_route=\/wp\/v2\/posts\/328437"}],"collection":[{"href":"https:\/\/archive.sana.sy\/es\/index.php?rest_route=\/wp\/v2\/posts"}],"about":[{"href":"https:\/\/archive.sana.sy\/es\/index.php?rest_route=\/wp\/v2\/types\/post"}],"author":[{"embeddable":true,"href":"https:\/\/archive.sana.sy\/es\/index.php?rest_route=\/wp\/v2\/users\/42"}],"replies":[{"embeddable":true,"href":"https:\/\/archive.sana.sy\/es\/index.php?rest_route=%2Fwp%2Fv2%2Fcomments&post=328437"}],"version-history":[{"count":1,"href":"https:\/\/archive.sana.sy\/es\/index.php?rest_route=\/wp\/v2\/posts\/328437\/revisions"}],"predecessor-version":[{"id":328439,"href":"https:\/\/archive.sana.sy\/es\/index.php?rest_route=\/wp\/v2\/posts\/328437\/revisions\/328439"}],"wp:featuredmedia":[{"embeddable":true,"href":"https:\/\/archive.sana.sy\/es\/index.php?rest_route=\/wp\/v2\/media\/328438"}],"wp:attachment":[{"href":"https:\/\/archive.sana.sy\/es\/index.php?rest_route=%2Fwp%2Fv2%2Fmedia&parent=328437"}],"wp:term":[{"taxonomy":"category","embeddable":true,"href":"https:\/\/archive.sana.sy\/es\/index.php?rest_route=%2Fwp%2Fv2%2Fcategories&post=328437"},{"taxonomy":"post_tag","embeddable":true,"href":"https:\/\/archive.sana.sy\/es\/index.php?rest_route=%2Fwp%2Fv2%2Ftags&post=328437"}],"curies":[{"name":"wp","href":"https:\/\/api.w.org\/{rel}","templated":true}]}}