{"id":328440,"date":"2024-05-05T14:30:25","date_gmt":"2024-05-05T11:30:25","guid":{"rendered":"https:\/\/sana.sy\/es\/?p=328440"},"modified":"2024-05-05T14:30:25","modified_gmt":"2024-05-05T11:30:25","slug":"reportan-nuevas-agresiones-israelies-contra-el-sur-del-libano-2","status":"publish","type":"post","link":"https:\/\/archive.sana.sy\/es\/?p=328440","title":{"rendered":"Reportan nuevas agresiones israel\u00edes contra el sur del L\u00edbano"},"content":{"rendered":"<p style=\"text-align: justify;\"><span style=\"color: #800000;\"><strong>Beirut, 5 may (SANA) <\/strong><\/span>Aviones de combate israel\u00edes lanzaron un ataque a\u00e9reo con misiles contra el sur de localidad de Khiam, en el sector oriental del sur liban\u00e9s.<\/p>\n<p style=\"text-align: justify;\">Asimismo, la artiller\u00eda israel\u00ed bombarde\u00f3 las afueras de las localidades de Naqura y Alma Ashaab y las monta\u00f1as de Labouneh, Al-Alam y Balat en el sector occidental.<\/p>\n<p style=\"text-align: justify;\">Las localidades de Ramiya y Aita al-Shaab, en el sector central, fueron tambi\u00e9n atacadas con ametralladoras pesadas por las fuerzas sionistas.<\/p>\n<p style=\"text-align: justify;\">as\/fm<\/p>\n","protected":false},"excerpt":{"rendered":"<p>Beirut, 5 may (SANA) Aviones de combate israel\u00edes lanzaron un ataque a\u00e9reo con misiles contra el sur de localidad de Khiam, en el sector oriental del sur liban\u00e9s. Asimismo, la artiller\u00eda israel\u00ed bombarde\u00f3 las afueras de las localidades de Naqura y Alma Ashaab y las monta\u00f1as de Labouneh, Al-Alam y Balat en el sector occidental. &hellip;<\/p>\n","protected":false},"author":42,"featured_media":328441,"comment_status":"closed","ping_status":"closed","sticky":false,"template":"","format":"standard","meta":{"footnotes":""},"categories":[597,456,16687,20724,7541],"tags":[],"class_list":["post-328440","post","type-post","status-publish","format-standard","has-post-thumbnail","","category-cinta-de-noticias","category-arabe-internacional-politica","category-internacionales","category-minuto-a-minuto","category-ultimas-noticias"],"_links":{"self":[{"href":"https:\/\/archive.sana.sy\/es\/index.php?rest_route=\/wp\/v2\/posts\/328440"}],"collection":[{"href":"https:\/\/archive.sana.sy\/es\/index.php?rest_route=\/wp\/v2\/posts"}],"about":[{"href":"https:\/\/archive.sana.sy\/es\/index.php?rest_route=\/wp\/v2\/types\/post"}],"author":[{"embeddable":true,"href":"https:\/\/archive.sana.sy\/es\/index.php?rest_route=\/wp\/v2\/users\/42"}],"replies":[{"embeddable":true,"href":"https:\/\/archive.sana.sy\/es\/index.php?rest_route=%2Fwp%2Fv2%2Fcomments&post=328440"}],"version-history":[{"count":1,"href":"https:\/\/archive.sana.sy\/es\/index.php?rest_route=\/wp\/v2\/posts\/328440\/revisions"}],"predecessor-version":[{"id":328442,"href":"https:\/\/archive.sana.sy\/es\/index.php?rest_route=\/wp\/v2\/posts\/328440\/revisions\/328442"}],"wp:featuredmedia":[{"embeddable":true,"href":"https:\/\/archive.sana.sy\/es\/index.php?rest_route=\/wp\/v2\/media\/328441"}],"wp:attachment":[{"href":"https:\/\/archive.sana.sy\/es\/index.php?rest_route=%2Fwp%2Fv2%2Fmedia&parent=328440"}],"wp:term":[{"taxonomy":"category","embeddable":true,"href":"https:\/\/archive.sana.sy\/es\/index.php?rest_route=%2Fwp%2Fv2%2Fcategories&post=328440"},{"taxonomy":"post_tag","embeddable":true,"href":"https:\/\/archive.sana.sy\/es\/index.php?rest_route=%2Fwp%2Fv2%2Ftags&post=328440"}],"curies":[{"name":"wp","href":"https:\/\/api.w.org\/{rel}","templated":true}]}}