{"id":328443,"date":"2024-05-05T15:48:26","date_gmt":"2024-05-05T12:48:26","guid":{"rendered":"https:\/\/sana.sy\/es\/?p=328443"},"modified":"2024-05-05T15:48:26","modified_gmt":"2024-05-05T12:48:26","slug":"presidente-al-assad-felicita-a-los-cristianas-por-la-pascua-oriental-fotos","status":"publish","type":"post","link":"https:\/\/archive.sana.sy\/es\/?p=328443","title":{"rendered":"Presidente Al-Assad felicita a los cristianas por la Pascua Oriental (+ fotos)"},"content":{"rendered":"<p style=\"text-align: justify;\"><span style=\"color: #800000;\"><strong>Damasco, 5 may (SANA)<\/strong><\/span> El Presidente Bashar Al-Assad felicit\u00f3 hoy a las comunidades cristianas que siguen el calendario oriental, por la Pascua y les dese\u00f3 a ellos y a todo el pueblo de Siria bienestar y paz.<\/p>\n<p style=\"text-align: justify;\">El secretario general de la Presidencia, Mansour Azzam, transmiti\u00f3 las felicitaciones del mandatario al patriarca greco-ortodoxo de Antioqu\u00eda y de todo Oriente, Juan X, y al patriarca de Antioqu\u00eda y de todo Oriente para los siro-ortodoxos, Aphrem I.<\/p>\n<p style=\"text-align: justify;\">Los dos patriarcas expresaron su profundo agradecimiento al presidnete por su gesto.<\/p>\n<p style=\"text-align: justify;\">Las comunidades cristianas en Siria que siguen el calendario oriental, celebraron la Pascua, la fiesta de la Resurrecci\u00f3n de Jesucristo, Mensajero del amor y de la paz.<\/p>\n<p style=\"text-align: justify;\">En Damasco, el patriarca de la Iglesia Greco-ortodoxa de Antioqu\u00eda y todo Oriente, Juan X, ofici\u00f3 un serm\u00f3n en la Iglesia de Mar\u00eda, donde suplic\u00f3 a Dios que proteja al pueblo, ej\u00e9rcito y l\u00edder de Siria.<\/p>\n<p style=\"text-align: justify;\">En misas efectuadas en otras provincias, se destac\u00f3 la necesidad de armarse con los valores de Jesucristo, que se basan en difundir el amor y la paz entre las personas y profundizar el concepto de la Resurrecci\u00f3n entre los creyentes.<\/p>\n<p style=\"text-align: justify;\">Asimismo, hubo oraciones y plegarias por la paz, la alegr\u00eda y el amor en toda Siria.<\/p>\n<div id='gallery-1' class='gallery galleryid-328443 gallery-columns-1 gallery-size-full'><figure class='gallery-item'>\n\t\t\t<div class='gallery-icon landscape'>\n\t\t\t\t<a href='https:\/\/archive.sana.sy\/es\/wp-content\/uploads\/2024\/05\/DSC03591.jpg'><img loading=\"lazy\" decoding=\"async\" width=\"1200\" height=\"531\" src=\"https:\/\/archive.sana.sy\/es\/wp-content\/uploads\/2024\/05\/DSC03591.jpg\" class=\"attachment-full size-full\" alt=\"\" srcset=\"https:\/\/archive.sana.sy\/es\/wp-content\/uploads\/2024\/05\/DSC03591.jpg 1200w, https:\/\/archive.sana.sy\/es\/wp-content\/uploads\/2024\/05\/DSC03591-300x133.jpg 300w, https:\/\/archive.sana.sy\/es\/wp-content\/uploads\/2024\/05\/DSC03591-1024x453.jpg 1024w, https:\/\/archive.sana.sy\/es\/wp-content\/uploads\/2024\/05\/DSC03591-150x66.jpg 150w, https:\/\/archive.sana.sy\/es\/wp-content\/uploads\/2024\/05\/DSC03591-768x340.jpg 768w\" sizes=\"(max-width: 1200px) 100vw, 1200px\" \/><\/a>\n\t\t\t<\/div><\/figure><figure class='gallery-item'>\n\t\t\t<div class='gallery-icon landscape'>\n\t\t\t\t<a href='https:\/\/archive.sana.sy\/es\/wp-content\/uploads\/2024\/05\/DSC03478.jpg'><img loading=\"lazy\" decoding=\"async\" width=\"1200\" height=\"534\" src=\"https:\/\/archive.sana.sy\/es\/wp-content\/uploads\/2024\/05\/DSC03478.jpg\" class=\"attachment-full size-full\" alt=\"\" srcset=\"https:\/\/archive.sana.sy\/es\/wp-content\/uploads\/2024\/05\/DSC03478.jpg 1200w, https:\/\/archive.sana.sy\/es\/wp-content\/uploads\/2024\/05\/DSC03478-300x134.jpg 300w, https:\/\/archive.sana.sy\/es\/wp-content\/uploads\/2024\/05\/DSC03478-1024x456.jpg 1024w, https:\/\/archive.sana.sy\/es\/wp-content\/uploads\/2024\/05\/DSC03478-150x67.jpg 150w, https:\/\/archive.sana.sy\/es\/wp-content\/uploads\/2024\/05\/DSC03478-768x342.jpg 768w\" sizes=\"(max-width: 1200px) 100vw, 1200px\" \/><\/a>\n\t\t\t<\/div><\/figure><figure class='gallery-item'>\n\t\t\t<div class='gallery-icon landscape'>\n\t\t\t\t<a href='https:\/\/archive.sana.sy\/es\/wp-content\/uploads\/2024\/05\/DSC03560.jpg'><img loading=\"lazy\" decoding=\"async\" width=\"1200\" height=\"794\" src=\"https:\/\/archive.sana.sy\/es\/wp-content\/uploads\/2024\/05\/DSC03560.jpg\" class=\"attachment-full size-full\" alt=\"\" srcset=\"https:\/\/archive.sana.sy\/es\/wp-content\/uploads\/2024\/05\/DSC03560.jpg 1200w, https:\/\/archive.sana.sy\/es\/wp-content\/uploads\/2024\/05\/DSC03560-300x199.jpg 300w, https:\/\/archive.sana.sy\/es\/wp-content\/uploads\/2024\/05\/DSC03560-1024x678.jpg 1024w, https:\/\/archive.sana.sy\/es\/wp-content\/uploads\/2024\/05\/DSC03560-150x99.jpg 150w, https:\/\/archive.sana.sy\/es\/wp-content\/uploads\/2024\/05\/DSC03560-768x508.jpg 768w, https:\/\/archive.sana.sy\/es\/wp-content\/uploads\/2024\/05\/DSC03560-310x205.jpg 310w\" sizes=\"(max-width: 1200px) 100vw, 1200px\" \/><\/a>\n\t\t\t<\/div><\/figure><figure class='gallery-item'>\n\t\t\t<div class='gallery-icon landscape'>\n\t\t\t\t<a href='https:\/\/archive.sana.sy\/es\/wp-content\/uploads\/2024\/05\/DSC03526.jpg'><img loading=\"lazy\" decoding=\"async\" width=\"1200\" height=\"942\" src=\"https:\/\/archive.sana.sy\/es\/wp-content\/uploads\/2024\/05\/DSC03526.jpg\" class=\"attachment-full size-full\" alt=\"\" srcset=\"https:\/\/archive.sana.sy\/es\/wp-content\/uploads\/2024\/05\/DSC03526.jpg 1200w, https:\/\/archive.sana.sy\/es\/wp-content\/uploads\/2024\/05\/DSC03526-300x236.jpg 300w, https:\/\/archive.sana.sy\/es\/wp-content\/uploads\/2024\/05\/DSC03526-1024x804.jpg 1024w, https:\/\/archive.sana.sy\/es\/wp-content\/uploads\/2024\/05\/DSC03526-150x118.jpg 150w, https:\/\/archive.sana.sy\/es\/wp-content\/uploads\/2024\/05\/DSC03526-768x603.jpg 768w\" sizes=\"(max-width: 1200px) 100vw, 1200px\" \/><\/a>\n\t\t\t<\/div><\/figure>\n\t\t<\/div>\n\n<p style=\"text-align: justify;\">fm\/as<\/p>\n","protected":false},"excerpt":{"rendered":"<p>Damasco, 5 may (SANA) El Presidente Bashar Al-Assad felicit\u00f3 hoy a las comunidades cristianas que siguen el calendario oriental, por la Pascua y les dese\u00f3 a ellos y a todo el pueblo de Siria bienestar y paz. El secretario general de la Presidencia, Mansour Azzam, transmiti\u00f3 las felicitaciones del mandatario al patriarca greco-ortodoxo de Antioqu\u00eda &hellip;<\/p>\n","protected":false},"author":42,"featured_media":328444,"comment_status":"closed","ping_status":"closed","sticky":false,"template":"","format":"standard","meta":{"footnotes":""},"categories":[597,20724,476,16688,583],"tags":[],"class_list":["post-328443","post","type-post","status-publish","format-standard","has-post-thumbnail","","category-cinta-de-noticias","category-minuto-a-minuto","category-locales","category-nacionales","category-slide"],"_links":{"self":[{"href":"https:\/\/archive.sana.sy\/es\/index.php?rest_route=\/wp\/v2\/posts\/328443"}],"collection":[{"href":"https:\/\/archive.sana.sy\/es\/index.php?rest_route=\/wp\/v2\/posts"}],"about":[{"href":"https:\/\/archive.sana.sy\/es\/index.php?rest_route=\/wp\/v2\/types\/post"}],"author":[{"embeddable":true,"href":"https:\/\/archive.sana.sy\/es\/index.php?rest_route=\/wp\/v2\/users\/42"}],"replies":[{"embeddable":true,"href":"https:\/\/archive.sana.sy\/es\/index.php?rest_route=%2Fwp%2Fv2%2Fcomments&post=328443"}],"version-history":[{"count":1,"href":"https:\/\/archive.sana.sy\/es\/index.php?rest_route=\/wp\/v2\/posts\/328443\/revisions"}],"predecessor-version":[{"id":328451,"href":"https:\/\/archive.sana.sy\/es\/index.php?rest_route=\/wp\/v2\/posts\/328443\/revisions\/328451"}],"wp:featuredmedia":[{"embeddable":true,"href":"https:\/\/archive.sana.sy\/es\/index.php?rest_route=\/wp\/v2\/media\/328444"}],"wp:attachment":[{"href":"https:\/\/archive.sana.sy\/es\/index.php?rest_route=%2Fwp%2Fv2%2Fmedia&parent=328443"}],"wp:term":[{"taxonomy":"category","embeddable":true,"href":"https:\/\/archive.sana.sy\/es\/index.php?rest_route=%2Fwp%2Fv2%2Fcategories&post=328443"},{"taxonomy":"post_tag","embeddable":true,"href":"https:\/\/archive.sana.sy\/es\/index.php?rest_route=%2Fwp%2Fv2%2Ftags&post=328443"}],"curies":[{"name":"wp","href":"https:\/\/api.w.org\/{rel}","templated":true}]}}