{"id":328456,"date":"2024-05-05T19:43:17","date_gmt":"2024-05-05T16:43:17","guid":{"rendered":"https:\/\/sana.sy\/es\/?p=328456"},"modified":"2024-05-05T19:52:27","modified_gmt":"2024-05-05T16:52:27","slug":"primera-dama-comparte-la-celebracion-de-la-pascua-con-los-pobladores-de-sadad-fotos","status":"publish","type":"post","link":"https:\/\/archive.sana.sy\/es\/?p=328456","title":{"rendered":"Primera Dama comparte la celebraci\u00f3n de la Pascua con los pobladores de Sadad"},"content":{"rendered":"<p style=\"text-align: justify;\"><span style=\"color: #800000;\"><strong>Homs, 5 may (SANA)\u00a0<\/strong> <\/span>\u00a0Hace diez a\u00f1os, los terroristas cometieron una masacre contra la poblaci\u00f3n de la ciudad de Sadad, en la provincia de Homs, matando a decenas de civiles y soldados. Hoy, la ciudad ha vuelto a levantarse a pesar de las heridas.<\/p>\n<p style=\"text-align: justify;\">La primera dama, Asma al-Assad, visit\u00f3 hoy esta localidad y se encontr\u00f3 con sus habitantes y comparti\u00f3 con ellos la celebraci\u00f3n por la Pascua.<\/p>\n<p style=\"text-align: justify;\">Asimismo, estuvo en la Iglesia de San Jorge, construida hace cien a\u00f1os, y asisti\u00f3 a una actividad bajo el t\u00edtulo \u201cSadad Alegre\u201d.<\/p>\n<div id='gallery-1' class='gallery galleryid-328456 gallery-columns-1 gallery-size-full'><figure class='gallery-item'>\n\t\t\t<div class='gallery-icon landscape'>\n\t\t\t\t<a href='https:\/\/archive.sana.sy\/es\/wp-content\/uploads\/2024\/05\/photo_2024-05-05_18-44-29.jpg'><img loading=\"lazy\" decoding=\"async\" width=\"1280\" height=\"1028\" src=\"https:\/\/archive.sana.sy\/es\/wp-content\/uploads\/2024\/05\/photo_2024-05-05_18-44-29.jpg\" class=\"attachment-full size-full\" alt=\"\" srcset=\"https:\/\/archive.sana.sy\/es\/wp-content\/uploads\/2024\/05\/photo_2024-05-05_18-44-29.jpg 1280w, https:\/\/archive.sana.sy\/es\/wp-content\/uploads\/2024\/05\/photo_2024-05-05_18-44-29-300x241.jpg 300w, https:\/\/archive.sana.sy\/es\/wp-content\/uploads\/2024\/05\/photo_2024-05-05_18-44-29-1024x822.jpg 1024w, https:\/\/archive.sana.sy\/es\/wp-content\/uploads\/2024\/05\/photo_2024-05-05_18-44-29-150x120.jpg 150w, https:\/\/archive.sana.sy\/es\/wp-content\/uploads\/2024\/05\/photo_2024-05-05_18-44-29-768x617.jpg 768w\" sizes=\"(max-width: 1280px) 100vw, 1280px\" \/><\/a>\n\t\t\t<\/div><\/figure><figure class='gallery-item'>\n\t\t\t<div class='gallery-icon portrait'>\n\t\t\t\t<a href='https:\/\/archive.sana.sy\/es\/wp-content\/uploads\/2024\/05\/Primera-dama2.jpg'><img loading=\"lazy\" decoding=\"async\" width=\"1179\" height=\"1280\" src=\"https:\/\/archive.sana.sy\/es\/wp-content\/uploads\/2024\/05\/Primera-dama2.jpg\" class=\"attachment-full size-full\" alt=\"\" srcset=\"https:\/\/archive.sana.sy\/es\/wp-content\/uploads\/2024\/05\/Primera-dama2.jpg 1179w, https:\/\/archive.sana.sy\/es\/wp-content\/uploads\/2024\/05\/Primera-dama2-276x300.jpg 276w, https:\/\/archive.sana.sy\/es\/wp-content\/uploads\/2024\/05\/Primera-dama2-943x1024.jpg 943w, https:\/\/archive.sana.sy\/es\/wp-content\/uploads\/2024\/05\/Primera-dama2-138x150.jpg 138w, https:\/\/archive.sana.sy\/es\/wp-content\/uploads\/2024\/05\/Primera-dama2-768x834.jpg 768w\" sizes=\"(max-width: 1179px) 100vw, 1179px\" \/><\/a>\n\t\t\t<\/div><\/figure><figure class='gallery-item'>\n\t\t\t<div class='gallery-icon landscape'>\n\t\t\t\t<a href='https:\/\/archive.sana.sy\/es\/wp-content\/uploads\/2024\/05\/DSC03879-scaled-1.jpg'><img loading=\"lazy\" decoding=\"async\" width=\"2560\" height=\"1707\" src=\"https:\/\/archive.sana.sy\/es\/wp-content\/uploads\/2024\/05\/DSC03879-scaled-1.jpg\" class=\"attachment-full size-full\" alt=\"\" srcset=\"https:\/\/archive.sana.sy\/es\/wp-content\/uploads\/2024\/05\/DSC03879-scaled-1.jpg 2560w, https:\/\/archive.sana.sy\/es\/wp-content\/uploads\/2024\/05\/DSC03879-scaled-1-300x200.jpg 300w, https:\/\/archive.sana.sy\/es\/wp-content\/uploads\/2024\/05\/DSC03879-scaled-1-1024x683.jpg 1024w, https:\/\/archive.sana.sy\/es\/wp-content\/uploads\/2024\/05\/DSC03879-scaled-1-150x100.jpg 150w, https:\/\/archive.sana.sy\/es\/wp-content\/uploads\/2024\/05\/DSC03879-scaled-1-768x512.jpg 768w, https:\/\/archive.sana.sy\/es\/wp-content\/uploads\/2024\/05\/DSC03879-scaled-1-1536x1024.jpg 1536w, https:\/\/archive.sana.sy\/es\/wp-content\/uploads\/2024\/05\/DSC03879-scaled-1-2048x1366.jpg 2048w\" sizes=\"(max-width: 2560px) 100vw, 2560px\" \/><\/a>\n\t\t\t<\/div><\/figure><figure class='gallery-item'>\n\t\t\t<div class='gallery-icon landscape'>\n\t\t\t\t<a href='https:\/\/archive.sana.sy\/es\/wp-content\/uploads\/2024\/05\/DSC03586-scaled-1.jpg'><img loading=\"lazy\" decoding=\"async\" width=\"2560\" height=\"1752\" src=\"https:\/\/archive.sana.sy\/es\/wp-content\/uploads\/2024\/05\/DSC03586-scaled-1.jpg\" class=\"attachment-full size-full\" alt=\"\" srcset=\"https:\/\/archive.sana.sy\/es\/wp-content\/uploads\/2024\/05\/DSC03586-scaled-1.jpg 2560w, https:\/\/archive.sana.sy\/es\/wp-content\/uploads\/2024\/05\/DSC03586-scaled-1-300x205.jpg 300w, https:\/\/archive.sana.sy\/es\/wp-content\/uploads\/2024\/05\/DSC03586-scaled-1-1024x701.jpg 1024w, https:\/\/archive.sana.sy\/es\/wp-content\/uploads\/2024\/05\/DSC03586-scaled-1-150x103.jpg 150w, https:\/\/archive.sana.sy\/es\/wp-content\/uploads\/2024\/05\/DSC03586-scaled-1-768x526.jpg 768w, https:\/\/archive.sana.sy\/es\/wp-content\/uploads\/2024\/05\/DSC03586-scaled-1-1536x1051.jpg 1536w, https:\/\/archive.sana.sy\/es\/wp-content\/uploads\/2024\/05\/DSC03586-scaled-1-2048x1402.jpg 2048w, https:\/\/archive.sana.sy\/es\/wp-content\/uploads\/2024\/05\/DSC03586-scaled-1-110x75.jpg 110w\" sizes=\"(max-width: 2560px) 100vw, 2560px\" \/><\/a>\n\t\t\t<\/div><\/figure><figure class='gallery-item'>\n\t\t\t<div class='gallery-icon landscape'>\n\t\t\t\t<a href='https:\/\/archive.sana.sy\/es\/wp-content\/uploads\/2024\/05\/5432-scaled-1.jpg'><img loading=\"lazy\" decoding=\"async\" width=\"2560\" height=\"2087\" src=\"https:\/\/archive.sana.sy\/es\/wp-content\/uploads\/2024\/05\/5432-scaled-1.jpg\" class=\"attachment-full size-full\" alt=\"\" srcset=\"https:\/\/archive.sana.sy\/es\/wp-content\/uploads\/2024\/05\/5432-scaled-1.jpg 2560w, https:\/\/archive.sana.sy\/es\/wp-content\/uploads\/2024\/05\/5432-scaled-1-300x245.jpg 300w, https:\/\/archive.sana.sy\/es\/wp-content\/uploads\/2024\/05\/5432-scaled-1-1024x835.jpg 1024w, https:\/\/archive.sana.sy\/es\/wp-content\/uploads\/2024\/05\/5432-scaled-1-150x122.jpg 150w, https:\/\/archive.sana.sy\/es\/wp-content\/uploads\/2024\/05\/5432-scaled-1-768x626.jpg 768w, https:\/\/archive.sana.sy\/es\/wp-content\/uploads\/2024\/05\/5432-scaled-1-1536x1252.jpg 1536w, https:\/\/archive.sana.sy\/es\/wp-content\/uploads\/2024\/05\/5432-scaled-1-2048x1670.jpg 2048w\" sizes=\"(max-width: 2560px) 100vw, 2560px\" \/><\/a>\n\t\t\t<\/div><\/figure><figure class='gallery-item'>\n\t\t\t<div class='gallery-icon landscape'>\n\t\t\t\t<a href='https:\/\/archive.sana.sy\/es\/wp-content\/uploads\/2024\/05\/4329-scaled-1.jpg'><img loading=\"lazy\" decoding=\"async\" width=\"2560\" height=\"1911\" src=\"https:\/\/archive.sana.sy\/es\/wp-content\/uploads\/2024\/05\/4329-scaled-1.jpg\" class=\"attachment-full size-full\" alt=\"\" srcset=\"https:\/\/archive.sana.sy\/es\/wp-content\/uploads\/2024\/05\/4329-scaled-1.jpg 2560w, https:\/\/archive.sana.sy\/es\/wp-content\/uploads\/2024\/05\/4329-scaled-1-300x224.jpg 300w, https:\/\/archive.sana.sy\/es\/wp-content\/uploads\/2024\/05\/4329-scaled-1-1024x764.jpg 1024w, https:\/\/archive.sana.sy\/es\/wp-content\/uploads\/2024\/05\/4329-scaled-1-150x112.jpg 150w, https:\/\/archive.sana.sy\/es\/wp-content\/uploads\/2024\/05\/4329-scaled-1-768x573.jpg 768w, https:\/\/archive.sana.sy\/es\/wp-content\/uploads\/2024\/05\/4329-scaled-1-1536x1147.jpg 1536w, https:\/\/archive.sana.sy\/es\/wp-content\/uploads\/2024\/05\/4329-scaled-1-2048x1529.jpg 2048w\" sizes=\"(max-width: 2560px) 100vw, 2560px\" \/><\/a>\n\t\t\t<\/div><\/figure><figure class='gallery-item'>\n\t\t\t<div class='gallery-icon landscape'>\n\t\t\t\t<a href='https:\/\/archive.sana.sy\/es\/wp-content\/uploads\/2024\/05\/DSC04510-scaled-1.jpg'><img loading=\"lazy\" decoding=\"async\" width=\"2560\" height=\"1816\" src=\"https:\/\/archive.sana.sy\/es\/wp-content\/uploads\/2024\/05\/DSC04510-scaled-1.jpg\" class=\"attachment-full size-full\" alt=\"\" srcset=\"https:\/\/archive.sana.sy\/es\/wp-content\/uploads\/2024\/05\/DSC04510-scaled-1.jpg 2560w, https:\/\/archive.sana.sy\/es\/wp-content\/uploads\/2024\/05\/DSC04510-scaled-1-300x213.jpg 300w, https:\/\/archive.sana.sy\/es\/wp-content\/uploads\/2024\/05\/DSC04510-scaled-1-1024x726.jpg 1024w, https:\/\/archive.sana.sy\/es\/wp-content\/uploads\/2024\/05\/DSC04510-scaled-1-150x106.jpg 150w, https:\/\/archive.sana.sy\/es\/wp-content\/uploads\/2024\/05\/DSC04510-scaled-1-768x545.jpg 768w, https:\/\/archive.sana.sy\/es\/wp-content\/uploads\/2024\/05\/DSC04510-scaled-1-1536x1090.jpg 1536w, https:\/\/archive.sana.sy\/es\/wp-content\/uploads\/2024\/05\/DSC04510-scaled-1-2048x1453.jpg 2048w\" sizes=\"(max-width: 2560px) 100vw, 2560px\" \/><\/a>\n\t\t\t<\/div><\/figure>\n\t\t<\/div>\n\n<p style=\"text-align: justify;\">fm\/rr<\/p>\n","protected":false},"excerpt":{"rendered":"<p>Homs, 5 may (SANA)\u00a0 \u00a0Hace diez a\u00f1os, los terroristas cometieron una masacre contra la poblaci\u00f3n de la ciudad de Sadad, en la provincia de Homs, matando a decenas de civiles y soldados. Hoy, la ciudad ha vuelto a levantarse a pesar de las heridas. La primera dama, Asma al-Assad, visit\u00f3 hoy esta localidad y se &hellip;<\/p>\n","protected":false},"author":31,"featured_media":328468,"comment_status":"closed","ping_status":"closed","sticky":false,"template":"","format":"standard","meta":{"footnotes":""},"categories":[597,476,16237,583,626],"tags":[],"class_list":["post-328456","post","type-post","status-publish","format-standard","has-post-thumbnail","","category-cinta-de-noticias","category-locales","category-presidence-de-la-republique-arabe-syria","category-slide","category-sr-presidente"],"_links":{"self":[{"href":"https:\/\/archive.sana.sy\/es\/index.php?rest_route=\/wp\/v2\/posts\/328456"}],"collection":[{"href":"https:\/\/archive.sana.sy\/es\/index.php?rest_route=\/wp\/v2\/posts"}],"about":[{"href":"https:\/\/archive.sana.sy\/es\/index.php?rest_route=\/wp\/v2\/types\/post"}],"author":[{"embeddable":true,"href":"https:\/\/archive.sana.sy\/es\/index.php?rest_route=\/wp\/v2\/users\/31"}],"replies":[{"embeddable":true,"href":"https:\/\/archive.sana.sy\/es\/index.php?rest_route=%2Fwp%2Fv2%2Fcomments&post=328456"}],"version-history":[{"count":4,"href":"https:\/\/archive.sana.sy\/es\/index.php?rest_route=\/wp\/v2\/posts\/328456\/revisions"}],"predecessor-version":[{"id":328470,"href":"https:\/\/archive.sana.sy\/es\/index.php?rest_route=\/wp\/v2\/posts\/328456\/revisions\/328470"}],"wp:featuredmedia":[{"embeddable":true,"href":"https:\/\/archive.sana.sy\/es\/index.php?rest_route=\/wp\/v2\/media\/328468"}],"wp:attachment":[{"href":"https:\/\/archive.sana.sy\/es\/index.php?rest_route=%2Fwp%2Fv2%2Fmedia&parent=328456"}],"wp:term":[{"taxonomy":"category","embeddable":true,"href":"https:\/\/archive.sana.sy\/es\/index.php?rest_route=%2Fwp%2Fv2%2Fcategories&post=328456"},{"taxonomy":"post_tag","embeddable":true,"href":"https:\/\/archive.sana.sy\/es\/index.php?rest_route=%2Fwp%2Fv2%2Ftags&post=328456"}],"curies":[{"name":"wp","href":"https:\/\/api.w.org\/{rel}","templated":true}]}}