{"id":328471,"date":"2024-05-05T20:05:06","date_gmt":"2024-05-05T17:05:06","guid":{"rendered":"https:\/\/sana.sy\/es\/?p=328471"},"modified":"2024-05-05T20:10:47","modified_gmt":"2024-05-05T17:10:47","slug":"siria-el-historial-negro-de-eeuu-no-lo-califica-para-dar-lecciones-a-otros-paises-sobre-derechos-humanos","status":"publish","type":"post","link":"https:\/\/archive.sana.sy\/es\/?p=328471","title":{"rendered":"Siria: El historial negro de EEUU no lo califica para dar lecciones a otros pa\u00edses sobre derechos humanos"},"content":{"rendered":"<blockquote>\n<p style=\"text-align: justify;\"><span style=\"color: #993300;\">El Ministerio de Asuntos Exteriores reiter\u00f3 la exigencia de Siria de que Estados Unidos revise y revierta sus pol\u00edticas destructivas, ponga fin a sus violaciones del derecho internacional y a su hipocres\u00eda, dobles raseros, politizaci\u00f3n y explotaci\u00f3n de las cuestiones y mecanismos de derechos humanos, y que detenga su intervenci\u00f3n en los asuntos de otros pa\u00edses y desestabilizar su seguridad y estabilidad.<\/span><\/p>\n<\/blockquote>\n<p style=\"text-align: justify;\"><span style=\"color: #800000;\"><strong>Damasco, 5 may (SANA)\u00a0<\/strong><\/span> \u00a0El Gobierno sirio declar\u00f3 hoy que el historial negro de Estados Unidos en el \u00e1mbito de los derechos humanos no le permite acusar a los dem\u00e1s pa\u00edses, evaluarlos o darles lecciones, y llam\u00f3 a Washington a revisar y revertir sus pol\u00edticas destructivas, poner fin a sus violaciones del derecho internacional y dejar de intervenir en los asuntos de otros pa\u00edses.<\/p>\n<p style=\"text-align: justify;\">Por medio de una declaraci\u00f3n, el Ministerio de Asuntos Exteriores y Expatriados coment\u00f3 que \u201cel Departamento de Estado de Estados Unidos public\u00f3 recientemente su nuevo informe vergonzoso y enga\u00f1oso sobre los derechos humanos en todos los pa\u00edses del mundo, en un intento de las sucesivas administraciones estadounidenses de auto declararse como guardi\u00e1n de los derechos humanos en todo el mundo y encubrir sus propias violaciones de los derechos humanos.<\/p>\n<p style=\"text-align: justify;\">La Canciller\u00eda hizo referencia a la represi\u00f3n violenta y las campa\u00f1as de silenciamiento contra estudiantes y profesores universitarios que exigen el fin de la agresi\u00f3n israel\u00ed contra Gaza y el cese del ciego apoyo estadounidense a las autoridades de la ocupaci\u00f3n israel\u00edes que est\u00e1n cometiendo genocidio y destruyendo la Franja de Gaza sobre las cabezas de ni\u00f1os y mujeres\u201d.<\/p>\n<p style=\"text-align: justify;\">El Ministerio subray\u00f3 que el historial negro de Estados Unidos en materia de derechos humanos no lo habilita para acusar a otros pa\u00edses, evaluarlos o darles lecciones, ya que su historia est\u00e1 llena de las formas m\u00e1s atroces de violaciones de derechos humanos y de los pueblos.<\/p>\n<p style=\"text-align: justify;\">Ejemplo de los anteriores es el exterminio de los pueblos ind\u00edgenas en el continente americano, el uso de armas nucleares prohibidas en Hiroshima y Nagasaki, ocupar muchos pa\u00edses, matando a su gente y saquear sus riquezas, precis\u00f3 el comunicado.<\/p>\n<p style=\"text-align: justify;\">Explic\u00f3 que el pueblo sirio ha sufrido y sigue sufriendo como resultado de las pol\u00edticas agresivas de las sucesivas administraciones estadounidenses, que apoyan a organizaciones y milicias terroristas, ocupan territorio sirio y saquean su riqueza nacional, adem\u00e1s de su imposici\u00f3n de medidas coercitivas inhumanas, que representan un castigo colectivo contra el pueblo sirio y otros pueblos de los pa\u00edses objetivo, en una violaci\u00f3n flagrante de todos los derechos humanos, especialmente el derecho a la vida.<\/p>\n<p style=\"text-align: justify;\">El Ministerio de Asuntos Exteriores reiter\u00f3 la exigencia de Siria de que Estados Unidos revise y revierta sus pol\u00edticas destructivas, ponga fin a sus violaciones del derecho internacional y a su hipocres\u00eda, dobles raseros, politizaci\u00f3n y explotaci\u00f3n de las cuestiones y mecanismos de derechos humanos, y que detenga su intervenci\u00f3n en los asuntos de otros pa\u00edses y desestabilizar su seguridad y estabilidad.<\/p>\n<p style=\"text-align: justify;\">fm\/rr<\/p>\n","protected":false},"excerpt":{"rendered":"<p>El Ministerio de Asuntos Exteriores reiter\u00f3 la exigencia de Siria de que Estados Unidos revise y revierta sus pol\u00edticas destructivas, ponga fin a sus violaciones del derecho internacional y a su hipocres\u00eda, dobles raseros, politizaci\u00f3n y explotaci\u00f3n de las cuestiones y mecanismos de derechos humanos, y que detenga su intervenci\u00f3n en los asuntos de otros &hellip;<\/p>\n","protected":false},"author":31,"featured_media":328472,"comment_status":"closed","ping_status":"closed","sticky":false,"template":"","format":"standard","meta":{"footnotes":""},"categories":[597,476,7541],"tags":[11687,7161,7132,6553],"class_list":["post-328471","post","type-post","status-publish","format-standard","has-post-thumbnail","","category-cinta-de-noticias","category-locales","category-ultimas-noticias","tag-cancilleria","tag-damasco","tag-eeuu","tag-siria"],"_links":{"self":[{"href":"https:\/\/archive.sana.sy\/es\/index.php?rest_route=\/wp\/v2\/posts\/328471"}],"collection":[{"href":"https:\/\/archive.sana.sy\/es\/index.php?rest_route=\/wp\/v2\/posts"}],"about":[{"href":"https:\/\/archive.sana.sy\/es\/index.php?rest_route=\/wp\/v2\/types\/post"}],"author":[{"embeddable":true,"href":"https:\/\/archive.sana.sy\/es\/index.php?rest_route=\/wp\/v2\/users\/31"}],"replies":[{"embeddable":true,"href":"https:\/\/archive.sana.sy\/es\/index.php?rest_route=%2Fwp%2Fv2%2Fcomments&post=328471"}],"version-history":[{"count":1,"href":"https:\/\/archive.sana.sy\/es\/index.php?rest_route=\/wp\/v2\/posts\/328471\/revisions"}],"predecessor-version":[{"id":328473,"href":"https:\/\/archive.sana.sy\/es\/index.php?rest_route=\/wp\/v2\/posts\/328471\/revisions\/328473"}],"wp:featuredmedia":[{"embeddable":true,"href":"https:\/\/archive.sana.sy\/es\/index.php?rest_route=\/wp\/v2\/media\/328472"}],"wp:attachment":[{"href":"https:\/\/archive.sana.sy\/es\/index.php?rest_route=%2Fwp%2Fv2%2Fmedia&parent=328471"}],"wp:term":[{"taxonomy":"category","embeddable":true,"href":"https:\/\/archive.sana.sy\/es\/index.php?rest_route=%2Fwp%2Fv2%2Fcategories&post=328471"},{"taxonomy":"post_tag","embeddable":true,"href":"https:\/\/archive.sana.sy\/es\/index.php?rest_route=%2Fwp%2Fv2%2Ftags&post=328471"}],"curies":[{"name":"wp","href":"https:\/\/api.w.org\/{rel}","templated":true}]}}