{"id":32850,"date":"2015-11-04T13:23:38","date_gmt":"2015-11-04T11:23:38","guid":{"rendered":"http:\/\/www.sana.sy\/es\/?p=32850"},"modified":"2015-11-04T15:14:51","modified_gmt":"2015-11-04T13:14:51","slug":"kremlin-putin-y-erdogan-examinaron-telefonicamente-la-situacion-en-siria","status":"publish","type":"post","link":"https:\/\/archive.sana.sy\/es\/?p=32850","title":{"rendered":"Kremlin: Putin y Erdogan examinaron telef\u00f3nicamente la situaci\u00f3n en Siria"},"content":{"rendered":"<p><span style=\"color: #800000\">Mosc\u00fa, SANA<\/span><\/p>\n<p>El presidente ruso Vladimir Putin y su hom\u00f3logo turco Recep Tayyip Erdogan intercambiaron puntos de vista sobre la situaci\u00f3n en Siria.<\/p>\n<p>El Departamento de Informaci\u00f3n de la presidencia rusa inform\u00f3 en un comunicado que ambos mandatarios conversaron telef\u00f3nicamente sobre la cooperaci\u00f3n turco-rusa y se reafirm\u00f3 la disposici\u00f3n de los dos pa\u00edses para continuar el di\u00e1logo pol\u00edtico.<\/p>\n<p>El comunicado se\u00f1al\u00f3 que se acord\u00f3 celebrar una reuni\u00f3n bilateral en la cumbre del Grupo de los Veinte que se celebrar\u00e1 en la ciudad turca de Antalya.<br \/>\nFady M.<\/p>\n","protected":false},"excerpt":{"rendered":"<p>Mosc\u00fa, SANA El presidente ruso Vladimir Putin y su hom\u00f3logo turco Recep Tayyip Erdogan intercambiaron puntos de vista sobre la situaci\u00f3n en Siria. El Departamento de Informaci\u00f3n de la presidencia rusa inform\u00f3 en un comunicado que ambos mandatarios conversaron telef\u00f3nicamente sobre la cooperaci\u00f3n turco-rusa y se reafirm\u00f3 la disposici\u00f3n de los dos pa\u00edses para continuar &hellip;<\/p>\n","protected":false},"author":24,"featured_media":32851,"comment_status":"closed","ping_status":"closed","sticky":false,"template":"","format":"standard","meta":{"footnotes":""},"categories":[456,457,576],"tags":[],"class_list":["post-32850","post","type-post","status-publish","format-standard","has-post-thumbnail","","category-arabe-internacional-politica","category-noticias-arabe-internacional-politica","category-noticias-politicas"],"_links":{"self":[{"href":"https:\/\/archive.sana.sy\/es\/index.php?rest_route=\/wp\/v2\/posts\/32850"}],"collection":[{"href":"https:\/\/archive.sana.sy\/es\/index.php?rest_route=\/wp\/v2\/posts"}],"about":[{"href":"https:\/\/archive.sana.sy\/es\/index.php?rest_route=\/wp\/v2\/types\/post"}],"author":[{"embeddable":true,"href":"https:\/\/archive.sana.sy\/es\/index.php?rest_route=\/wp\/v2\/users\/24"}],"replies":[{"embeddable":true,"href":"https:\/\/archive.sana.sy\/es\/index.php?rest_route=%2Fwp%2Fv2%2Fcomments&post=32850"}],"version-history":[{"count":0,"href":"https:\/\/archive.sana.sy\/es\/index.php?rest_route=\/wp\/v2\/posts\/32850\/revisions"}],"wp:featuredmedia":[{"embeddable":true,"href":"https:\/\/archive.sana.sy\/es\/index.php?rest_route=\/wp\/v2\/media\/32851"}],"wp:attachment":[{"href":"https:\/\/archive.sana.sy\/es\/index.php?rest_route=%2Fwp%2Fv2%2Fmedia&parent=32850"}],"wp:term":[{"taxonomy":"category","embeddable":true,"href":"https:\/\/archive.sana.sy\/es\/index.php?rest_route=%2Fwp%2Fv2%2Fcategories&post=32850"},{"taxonomy":"post_tag","embeddable":true,"href":"https:\/\/archive.sana.sy\/es\/index.php?rest_route=%2Fwp%2Fv2%2Ftags&post=32850"}],"curies":[{"name":"wp","href":"https:\/\/api.w.org\/{rel}","templated":true}]}}