{"id":328512,"date":"2024-05-06T14:27:14","date_gmt":"2024-05-06T11:27:14","guid":{"rendered":"https:\/\/sana.sy\/es\/?p=328512"},"modified":"2024-05-06T14:27:14","modified_gmt":"2024-05-06T11:27:14","slug":"la-invasion-de-rafah-seria-una-escalada-del-genocidio-perpetrado-contra-los-palestinos","status":"publish","type":"post","link":"https:\/\/archive.sana.sy\/es\/?p=328512","title":{"rendered":"La invasi\u00f3n de Rafah ser\u00eda una escalada del genocidio perpetrado contra los palestinos"},"content":{"rendered":"<p style=\"text-align: justify;\"><span style=\"color: #800000;\"><strong>Ginebra, 6 abr (SANA)<\/strong><\/span> El Observatorio Euromediterr\u00e1neo de Derechos Humanos consider\u00f3 hoy que las \u00f3rdenes del ocupante para desplazar a los palestinos de la ciudad de Rafah, en el sur de la Franja de Gaza, es un preludio para el inicio de la invasi\u00f3n, lo que representar\u00eda una condena de muerte a m\u00e1s de 1,4 millones de palestinos y una escalada del crimen de genocidio.<\/p>\n<p style=\"text-align: justify;\">\u201cCualquier operaci\u00f3n militar terrestre por parte del ej\u00e9rcito de ocupaci\u00f3n en Rafah amenaza seriamente con cometer masacres horribles y asesinar a cientos de miles de palestinos, especialmente ni\u00f1os y mujeres, as\u00ed como detendr\u00eda las operaciones de ayuda humanitaria que salvan vidas en toda la Franja de Gaza\u201d, afirm\u00f3 el Observatorio en una declaraci\u00f3n.<\/p>\n<p style=\"text-align: justify;\">A\u00f1adi\u00f3 que la inminente invasi\u00f3n de Rafah, dado el n\u00famero de personas desplazadas, presagia una gran masacre y suscita serios temores de un escenario de desplazamiento forzado fuera de la Franja.<\/p>\n<p style=\"text-align: justify;\">El Observatorio llam\u00f3 a la comunidad internacional a cumplir con sus obligaciones para detener el crimen de genocidio cometido por el ocupaci\u00f3n en la Franja de Gaza, y a aplicar mecanismos de presi\u00f3n real para obligar Israel a detener la agresi\u00f3n.<\/p>\n<p style=\"text-align: justify;\">fm\/as<\/p>\n","protected":false},"excerpt":{"rendered":"<p>Ginebra, 6 abr (SANA) El Observatorio Euromediterr\u00e1neo de Derechos Humanos consider\u00f3 hoy que las \u00f3rdenes del ocupante para desplazar a los palestinos de la ciudad de Rafah, en el sur de la Franja de Gaza, es un preludio para el inicio de la invasi\u00f3n, lo que representar\u00eda una condena de muerte a m\u00e1s de 1,4 &hellip;<\/p>\n","protected":false},"author":42,"featured_media":328513,"comment_status":"closed","ping_status":"closed","sticky":false,"template":"","format":"standard","meta":{"footnotes":""},"categories":[597,456,16687,20724,7541],"tags":[],"class_list":["post-328512","post","type-post","status-publish","format-standard","has-post-thumbnail","","category-cinta-de-noticias","category-arabe-internacional-politica","category-internacionales","category-minuto-a-minuto","category-ultimas-noticias"],"_links":{"self":[{"href":"https:\/\/archive.sana.sy\/es\/index.php?rest_route=\/wp\/v2\/posts\/328512"}],"collection":[{"href":"https:\/\/archive.sana.sy\/es\/index.php?rest_route=\/wp\/v2\/posts"}],"about":[{"href":"https:\/\/archive.sana.sy\/es\/index.php?rest_route=\/wp\/v2\/types\/post"}],"author":[{"embeddable":true,"href":"https:\/\/archive.sana.sy\/es\/index.php?rest_route=\/wp\/v2\/users\/42"}],"replies":[{"embeddable":true,"href":"https:\/\/archive.sana.sy\/es\/index.php?rest_route=%2Fwp%2Fv2%2Fcomments&post=328512"}],"version-history":[{"count":1,"href":"https:\/\/archive.sana.sy\/es\/index.php?rest_route=\/wp\/v2\/posts\/328512\/revisions"}],"predecessor-version":[{"id":328514,"href":"https:\/\/archive.sana.sy\/es\/index.php?rest_route=\/wp\/v2\/posts\/328512\/revisions\/328514"}],"wp:featuredmedia":[{"embeddable":true,"href":"https:\/\/archive.sana.sy\/es\/index.php?rest_route=\/wp\/v2\/media\/328513"}],"wp:attachment":[{"href":"https:\/\/archive.sana.sy\/es\/index.php?rest_route=%2Fwp%2Fv2%2Fmedia&parent=328512"}],"wp:term":[{"taxonomy":"category","embeddable":true,"href":"https:\/\/archive.sana.sy\/es\/index.php?rest_route=%2Fwp%2Fv2%2Fcategories&post=328512"},{"taxonomy":"post_tag","embeddable":true,"href":"https:\/\/archive.sana.sy\/es\/index.php?rest_route=%2Fwp%2Fv2%2Ftags&post=328512"}],"curies":[{"name":"wp","href":"https:\/\/api.w.org\/{rel}","templated":true}]}}