{"id":328523,"date":"2024-05-06T16:47:36","date_gmt":"2024-05-06T13:47:36","guid":{"rendered":"https:\/\/sana.sy\/es\/?p=328523"},"modified":"2024-05-06T16:50:56","modified_gmt":"2024-05-06T13:50:56","slug":"presidente-sirio-recibio-hoy-al-jefe-de-las-fuerzas-de-movilizacion-popular-en-iraq","status":"publish","type":"post","link":"https:\/\/archive.sana.sy\/es\/?p=328523","title":{"rendered":"Presidente sirio recibi\u00f3 hoy al jefe de las Fuerzas de Movilizaci\u00f3n Popular en Iraq"},"content":{"rendered":"<p style=\"text-align: justify;\"><span style=\"color: #800000;\"><strong>Damasco, 6 may (SANA)<\/strong> <\/span>\u00a0El presidente sirio Bashar Al-Assad, recibi\u00f3 hoy al jefe de las Fuerzas de Movilizaci\u00f3n Popular en Iraq, Faleh al-Fayyad, con quien abord\u00f3 el fortalecimiento de la cooperaci\u00f3n entre los dos pa\u00edses en las \u00e1reas de lucha contra el terrorismo.<\/p>\n<p style=\"text-align: justify;\">Las conversaciones abordaron tambi\u00e9n la coordinaci\u00f3n efectiva para controlar las fronteras y perseguir a las agrupaciones extremistas y sus remanentes, que pretenden atentar contra la seguridad de Siria e Iraq.<\/p>\n<p style=\"text-align: justify;\">El mandatario consider\u00f3 que el terrorismo que mata y derrama sangre es el mismo en todas partes del mundo, y que los partidarios del terrorismo en Siria e Iraq son los mismos en otros lugares, independientemente de los nombres de esas organizaciones terroristas.<\/p>\n<p style=\"text-align: justify;\">Al-Assad se\u00f1al\u00f3 que la firmeza y la fuerza de los ej\u00e9rcitos sirio e iraqu\u00ed fueron la base para lograr sucesivas victorias contra los terroristas y sus partidarios.<\/p>\n<p style=\"text-align: justify;\">fm<\/p>\n","protected":false},"excerpt":{"rendered":"<p>Damasco, 6 may (SANA) \u00a0El presidente sirio Bashar Al-Assad, recibi\u00f3 hoy al jefe de las Fuerzas de Movilizaci\u00f3n Popular en Iraq, Faleh al-Fayyad, con quien abord\u00f3 el fortalecimiento de la cooperaci\u00f3n entre los dos pa\u00edses en las \u00e1reas de lucha contra el terrorismo. Las conversaciones abordaron tambi\u00e9n la coordinaci\u00f3n efectiva para controlar las fronteras y &hellip;<\/p>\n","protected":false},"author":34,"featured_media":328524,"comment_status":"closed","ping_status":"closed","sticky":false,"template":"","format":"standard","meta":{"footnotes":""},"categories":[477,597,20724,476,16237,467,583,626],"tags":[],"class_list":["post-328523","post","type-post","status-publish","format-standard","has-post-thumbnail","","category-noticias-edulcorantes","category-cinta-de-noticias","category-minuto-a-minuto","category-locales","category-presidence-de-la-republique-arabe-syria","category-siria-y-el-mundo","category-slide","category-sr-presidente"],"_links":{"self":[{"href":"https:\/\/archive.sana.sy\/es\/index.php?rest_route=\/wp\/v2\/posts\/328523"}],"collection":[{"href":"https:\/\/archive.sana.sy\/es\/index.php?rest_route=\/wp\/v2\/posts"}],"about":[{"href":"https:\/\/archive.sana.sy\/es\/index.php?rest_route=\/wp\/v2\/types\/post"}],"author":[{"embeddable":true,"href":"https:\/\/archive.sana.sy\/es\/index.php?rest_route=\/wp\/v2\/users\/34"}],"replies":[{"embeddable":true,"href":"https:\/\/archive.sana.sy\/es\/index.php?rest_route=%2Fwp%2Fv2%2Fcomments&post=328523"}],"version-history":[{"count":1,"href":"https:\/\/archive.sana.sy\/es\/index.php?rest_route=\/wp\/v2\/posts\/328523\/revisions"}],"predecessor-version":[{"id":328525,"href":"https:\/\/archive.sana.sy\/es\/index.php?rest_route=\/wp\/v2\/posts\/328523\/revisions\/328525"}],"wp:featuredmedia":[{"embeddable":true,"href":"https:\/\/archive.sana.sy\/es\/index.php?rest_route=\/wp\/v2\/media\/328524"}],"wp:attachment":[{"href":"https:\/\/archive.sana.sy\/es\/index.php?rest_route=%2Fwp%2Fv2%2Fmedia&parent=328523"}],"wp:term":[{"taxonomy":"category","embeddable":true,"href":"https:\/\/archive.sana.sy\/es\/index.php?rest_route=%2Fwp%2Fv2%2Fcategories&post=328523"},{"taxonomy":"post_tag","embeddable":true,"href":"https:\/\/archive.sana.sy\/es\/index.php?rest_route=%2Fwp%2Fv2%2Ftags&post=328523"}],"curies":[{"name":"wp","href":"https:\/\/api.w.org\/{rel}","templated":true}]}}