{"id":328571,"date":"2024-05-06T17:25:16","date_gmt":"2024-05-06T14:25:16","guid":{"rendered":"https:\/\/sana.sy\/es\/?p=328571"},"modified":"2024-05-06T19:55:36","modified_gmt":"2024-05-06T16:55:36","slug":"unicef-alerta-que-600-mil-ninos-enfrentan-una-catastrofe-en-rafah","status":"publish","type":"post","link":"https:\/\/archive.sana.sy\/es\/?p=328571","title":{"rendered":"Unicef alerta que 600 mil ni\u00f1os enfrentan una cat\u00e1strofe en Rafah"},"content":{"rendered":"<p style=\"text-align: justify;\"><span style=\"color: #800000;\"><strong>Nueva York, 6 may (SANA)<\/strong><\/span>\u00a0 \u00a0El Fondo de las Naciones Unidas para la Infancia (Unicef) ha lanzado un alarma de que unos 600 mil menores palestinos en Rafah, al sur de la Franja de Gaza, est\u00e1n en peligro de un nuevo cat\u00e1strofe, en medio de los preparativos del ocupante israel\u00ed para lanzar un ataque terrestre contra esta ciudad.<\/p>\n<p style=\"text-align: justify;\">La organizaci\u00f3n explic\u00f3 en un comunicado difundido por la Agence France-Presse que \u201clas operaciones militares israel\u00edes pueden provocar un gran n\u00famero de v\u00edctimas civiles y la destrucci\u00f3n completa de los servicios e infraestructuras b\u00e1sicos de los que dependen los residentes y los desplazadas.\u201d<\/p>\n<p style=\"text-align: justify;\">\u201cRafah es ahora una ciudad de ni\u00f1os, y \u00e9stos no tienen un lugar seguro ni un refugio a donde ir dentro de Gaza. Si comienzan operaciones militares a gran escala, los ni\u00f1os no s\u00f3lo ser\u00e1n vulnerables al riesgo de violencia, sino tambi\u00e9n de caos y p\u00e1nico, y ya est\u00e1n agotados f\u00edsica y mentalmente\u201d, confirm\u00f3 la directora de la Unicef, Catherine Russell.<\/p>\n<p style=\"text-align: justify;\">Asimismo, los expertos de la ONU condenaron en una declaraci\u00f3n la violencia contra mujeres y ni\u00f1os en Gaza, incluidos los casos denunciados de desapariciones forzadas.<\/p>\n<p style=\"text-align: justify;\">\u201cEstamos conmocionados de que las mujeres hayan sido sometidas a violencia tan brutal e indiscriminada por parte de \u201cIsrael\u201d, que destruye sus vidas y los priva de sus derechos humanos b\u00e1sicos\u201d, indicaron los siete relatores especiales, incluida Francesca Albanese, la Relatora Especial sobre la situaci\u00f3n de los derechos humanos en los territorios palestinos ocupados, a quien las autoridades de ocupaci\u00f3n israel\u00edes impidieron entrar en los territorios ocupados.<\/p>\n<p style=\"text-align: justify;\">Agregaron que \u201calrededor de 50 mil mujeres palestinas embarazadas y 20 mil beb\u00e9s enfrentan riesgos inimaginables, y las madres y mujeres embarazadas se tratan de forma horrible, con bombardeos directos a los hospitales y denegaci\u00f3n deliberada de acceso a las instalaciones de atenci\u00f3n m\u00e9dica.\u201d<\/p>\n<p style=\"text-align: justify;\">Manifestaron que estaban en shock por la informaci\u00f3n sobre ataques y violencia contra mujeres y ni\u00f1as, especialmente aquellas detenidas por las fuerzas de ocupaci\u00f3n israel\u00edes.<\/p>\n<p style=\"text-align: justify;\">rr\/fm<\/p>\n","protected":false},"excerpt":{"rendered":"<p>Nueva York, 6 may (SANA)\u00a0 \u00a0El Fondo de las Naciones Unidas para la Infancia (Unicef) ha lanzado un alarma de que unos 600 mil menores palestinos en Rafah, al sur de la Franja de Gaza, est\u00e1n en peligro de un nuevo cat\u00e1strofe, en medio de los preparativos del ocupante israel\u00ed para lanzar un ataque terrestre &hellip;<\/p>\n","protected":false},"author":31,"featured_media":328572,"comment_status":"closed","ping_status":"closed","sticky":false,"template":"","format":"standard","meta":{"footnotes":""},"categories":[597,456,16687,7541],"tags":[21441,1494,22423,10509],"class_list":["post-328571","post","type-post","status-publish","format-standard","has-post-thumbnail","","category-cinta-de-noticias","category-arabe-internacional-politica","category-internacionales","category-ultimas-noticias","tag-catastrofe","tag-palestina","tag-rafah","tag-unicef"],"_links":{"self":[{"href":"https:\/\/archive.sana.sy\/es\/index.php?rest_route=\/wp\/v2\/posts\/328571"}],"collection":[{"href":"https:\/\/archive.sana.sy\/es\/index.php?rest_route=\/wp\/v2\/posts"}],"about":[{"href":"https:\/\/archive.sana.sy\/es\/index.php?rest_route=\/wp\/v2\/types\/post"}],"author":[{"embeddable":true,"href":"https:\/\/archive.sana.sy\/es\/index.php?rest_route=\/wp\/v2\/users\/31"}],"replies":[{"embeddable":true,"href":"https:\/\/archive.sana.sy\/es\/index.php?rest_route=%2Fwp%2Fv2%2Fcomments&post=328571"}],"version-history":[{"count":1,"href":"https:\/\/archive.sana.sy\/es\/index.php?rest_route=\/wp\/v2\/posts\/328571\/revisions"}],"predecessor-version":[{"id":328573,"href":"https:\/\/archive.sana.sy\/es\/index.php?rest_route=\/wp\/v2\/posts\/328571\/revisions\/328573"}],"wp:featuredmedia":[{"embeddable":true,"href":"https:\/\/archive.sana.sy\/es\/index.php?rest_route=\/wp\/v2\/media\/328572"}],"wp:attachment":[{"href":"https:\/\/archive.sana.sy\/es\/index.php?rest_route=%2Fwp%2Fv2%2Fmedia&parent=328571"}],"wp:term":[{"taxonomy":"category","embeddable":true,"href":"https:\/\/archive.sana.sy\/es\/index.php?rest_route=%2Fwp%2Fv2%2Fcategories&post=328571"},{"taxonomy":"post_tag","embeddable":true,"href":"https:\/\/archive.sana.sy\/es\/index.php?rest_route=%2Fwp%2Fv2%2Ftags&post=328571"}],"curies":[{"name":"wp","href":"https:\/\/api.w.org\/{rel}","templated":true}]}}