{"id":328585,"date":"2024-05-07T11:03:13","date_gmt":"2024-05-07T08:03:13","guid":{"rendered":"https:\/\/sana.sy\/es\/?p=328585"},"modified":"2024-05-07T11:03:13","modified_gmt":"2024-05-07T08:03:13","slug":"la-decision-de-israel-de-evacuar-rafa-es-un-crimen-de-guerra-afirma-la-onu","status":"publish","type":"post","link":"https:\/\/archive.sana.sy\/es\/?p=328585","title":{"rendered":"La decisi\u00f3n de &#8220;Israel&#8221; de evacuar Raf\u00e1 es un crimen de guerra, afirma la ONU"},"content":{"rendered":"<p style=\"text-align: justify;\"><span style=\"color: #800000;\"><strong>Ginebra, 7 may (SANA)<\/strong><\/span> La Organizaci\u00f3n de las Naciones Unidas (ONU) afirm\u00f3 que la evacuaci\u00f3n de la ciudad de Raf\u00e1 es un crimen de guerra porque contraviene los principios b\u00e1sicos del derecho internacional humanitario y de la Ley Internacional.<\/p>\n<p style=\"text-align: justify;\">\u201cNo se puede imaginar la deportaci\u00f3n de cientos de miles de personas de Raf\u00e1 a otras zonas destruidas, porque despu\u00e9s de seis meses de bombardeos israel\u00edes no hay lugar con infraestructura para dar cabida a m\u00e1s de un mill\u00f3n de desplazados&#8221;, dijo el alto comisionado de la ONU para los Derechos Humanos, Volker T\u00fcrk, citado por la agencia France-Presse.<\/p>\n<p style=\"text-align: justify;\">El orador pidi\u00f3 a la comunidad internacional que impida el desplazamiento de los palestinos, el cese inmediato de la agresi\u00f3n israel\u00ed contra Gaza, la entrega ayuda humanitaria a este territorio y liberar a los rehenes.<\/p>\n<p style=\"text-align: justify;\">Por su parte, St\u00e9phane Dujarric, portavoz del secretario general de Naciones Unidas, Antonio Guterres, confirm\u00f3 que la Organizaci\u00f3n Internacional no participar\u00e1 en ninguna evacuaci\u00f3n involuntaria.<\/p>\n<p style=\"text-align: justify;\">as\/fm<\/p>\n","protected":false},"excerpt":{"rendered":"<p>Ginebra, 7 may (SANA) La Organizaci\u00f3n de las Naciones Unidas (ONU) afirm\u00f3 que la evacuaci\u00f3n de la ciudad de Raf\u00e1 es un crimen de guerra porque contraviene los principios b\u00e1sicos del derecho internacional humanitario y de la Ley Internacional. \u201cNo se puede imaginar la deportaci\u00f3n de cientos de miles de personas de Raf\u00e1 a otras &hellip;<\/p>\n","protected":false},"author":42,"featured_media":328586,"comment_status":"closed","ping_status":"closed","sticky":false,"template":"","format":"standard","meta":{"footnotes":""},"categories":[597,456,16687,20724,7541],"tags":[],"class_list":["post-328585","post","type-post","status-publish","format-standard","has-post-thumbnail","","category-cinta-de-noticias","category-arabe-internacional-politica","category-internacionales","category-minuto-a-minuto","category-ultimas-noticias"],"_links":{"self":[{"href":"https:\/\/archive.sana.sy\/es\/index.php?rest_route=\/wp\/v2\/posts\/328585"}],"collection":[{"href":"https:\/\/archive.sana.sy\/es\/index.php?rest_route=\/wp\/v2\/posts"}],"about":[{"href":"https:\/\/archive.sana.sy\/es\/index.php?rest_route=\/wp\/v2\/types\/post"}],"author":[{"embeddable":true,"href":"https:\/\/archive.sana.sy\/es\/index.php?rest_route=\/wp\/v2\/users\/42"}],"replies":[{"embeddable":true,"href":"https:\/\/archive.sana.sy\/es\/index.php?rest_route=%2Fwp%2Fv2%2Fcomments&post=328585"}],"version-history":[{"count":1,"href":"https:\/\/archive.sana.sy\/es\/index.php?rest_route=\/wp\/v2\/posts\/328585\/revisions"}],"predecessor-version":[{"id":328587,"href":"https:\/\/archive.sana.sy\/es\/index.php?rest_route=\/wp\/v2\/posts\/328585\/revisions\/328587"}],"wp:featuredmedia":[{"embeddable":true,"href":"https:\/\/archive.sana.sy\/es\/index.php?rest_route=\/wp\/v2\/media\/328586"}],"wp:attachment":[{"href":"https:\/\/archive.sana.sy\/es\/index.php?rest_route=%2Fwp%2Fv2%2Fmedia&parent=328585"}],"wp:term":[{"taxonomy":"category","embeddable":true,"href":"https:\/\/archive.sana.sy\/es\/index.php?rest_route=%2Fwp%2Fv2%2Fcategories&post=328585"},{"taxonomy":"post_tag","embeddable":true,"href":"https:\/\/archive.sana.sy\/es\/index.php?rest_route=%2Fwp%2Fv2%2Ftags&post=328585"}],"curies":[{"name":"wp","href":"https:\/\/api.w.org\/{rel}","templated":true}]}}