{"id":328591,"date":"2024-05-07T11:17:55","date_gmt":"2024-05-07T08:17:55","guid":{"rendered":"https:\/\/sana.sy\/es\/?p=328591"},"modified":"2024-05-07T11:17:55","modified_gmt":"2024-05-07T08:17:55","slug":"sultanato-de-oman-alerta-de-una-catastrofe-humanitaria-en-caso-de-invasion-israeli-a-rafa","status":"publish","type":"post","link":"https:\/\/archive.sana.sy\/es\/?p=328591","title":{"rendered":"Sultanato de Om\u00e1n alerta de una cat\u00e1strofe humanitaria en caso de invasi\u00f3n israel\u00ed a Raf\u00e1"},"content":{"rendered":"<p style=\"text-align: justify;\"><span style=\"color: #800000;\"><strong>Mascate, 7 may (SANA) <\/strong><\/span>El Sultanato de Om\u00e1n alert\u00f3 de una posible cat\u00e1strofe en caso de invasi\u00f3n israel\u00ed de la ciudad de Raf\u00e1, y llam\u00f3 a la comunidad internacional a intervenir inmediatamente para detener las continuas violaciones israel\u00edes del derecho internacional y de los derechos del pueblo palestino.<\/p>\n<p style=\"text-align: justify;\">El Ministerio de Asuntos Exteriores de Om\u00e1n expres\u00f3 su preocupaci\u00f3n por los continuos cr\u00edmenes cometidos por la entidad israel\u00ed contra los palestinos y exigi\u00f3 que sean detenidos de inmediato.<\/p>\n<p style=\"text-align: justify;\">\u201cExigimos una intervenci\u00f3n inmediata para detener la guerra y las violaciones israel\u00edes, y responsabilizamos plenamente a la entidad israel\u00ed de estos cr\u00edmenes de guerra de lesa humanidad\u201d, afirm\u00f3 la Canciller\u00eda por medio de un comunicado.<\/p>\n<p style=\"text-align: justify;\">El Ministerio alert\u00f3 sobre las consecuencias catastr\u00f3ficas de esta invasi\u00f3n, que podr\u00eda conducir a una mayor escalada en la regi\u00f3n.<\/p>\n<p style=\"text-align: justify;\">as\/fm<\/p>\n","protected":false},"excerpt":{"rendered":"<p>Mascate, 7 may (SANA) El Sultanato de Om\u00e1n alert\u00f3 de una posible cat\u00e1strofe en caso de invasi\u00f3n israel\u00ed de la ciudad de Raf\u00e1, y llam\u00f3 a la comunidad internacional a intervenir inmediatamente para detener las continuas violaciones israel\u00edes del derecho internacional y de los derechos del pueblo palestino. El Ministerio de Asuntos Exteriores de Om\u00e1n &hellip;<\/p>\n","protected":false},"author":42,"featured_media":328592,"comment_status":"closed","ping_status":"closed","sticky":false,"template":"","format":"standard","meta":{"footnotes":""},"categories":[597,456,16687,20724,7541],"tags":[],"class_list":["post-328591","post","type-post","status-publish","format-standard","has-post-thumbnail","","category-cinta-de-noticias","category-arabe-internacional-politica","category-internacionales","category-minuto-a-minuto","category-ultimas-noticias"],"_links":{"self":[{"href":"https:\/\/archive.sana.sy\/es\/index.php?rest_route=\/wp\/v2\/posts\/328591"}],"collection":[{"href":"https:\/\/archive.sana.sy\/es\/index.php?rest_route=\/wp\/v2\/posts"}],"about":[{"href":"https:\/\/archive.sana.sy\/es\/index.php?rest_route=\/wp\/v2\/types\/post"}],"author":[{"embeddable":true,"href":"https:\/\/archive.sana.sy\/es\/index.php?rest_route=\/wp\/v2\/users\/42"}],"replies":[{"embeddable":true,"href":"https:\/\/archive.sana.sy\/es\/index.php?rest_route=%2Fwp%2Fv2%2Fcomments&post=328591"}],"version-history":[{"count":1,"href":"https:\/\/archive.sana.sy\/es\/index.php?rest_route=\/wp\/v2\/posts\/328591\/revisions"}],"predecessor-version":[{"id":328593,"href":"https:\/\/archive.sana.sy\/es\/index.php?rest_route=\/wp\/v2\/posts\/328591\/revisions\/328593"}],"wp:featuredmedia":[{"embeddable":true,"href":"https:\/\/archive.sana.sy\/es\/index.php?rest_route=\/wp\/v2\/media\/328592"}],"wp:attachment":[{"href":"https:\/\/archive.sana.sy\/es\/index.php?rest_route=%2Fwp%2Fv2%2Fmedia&parent=328591"}],"wp:term":[{"taxonomy":"category","embeddable":true,"href":"https:\/\/archive.sana.sy\/es\/index.php?rest_route=%2Fwp%2Fv2%2Fcategories&post=328591"},{"taxonomy":"post_tag","embeddable":true,"href":"https:\/\/archive.sana.sy\/es\/index.php?rest_route=%2Fwp%2Fv2%2Ftags&post=328591"}],"curies":[{"name":"wp","href":"https:\/\/api.w.org\/{rel}","templated":true}]}}