{"id":328656,"date":"2024-05-08T05:55:38","date_gmt":"2024-05-08T02:55:38","guid":{"rendered":"https:\/\/sana.sy\/es\/?p=328656"},"modified":"2024-05-08T05:55:38","modified_gmt":"2024-05-08T02:55:38","slug":"protestas-estudiantiles-pro-palestinas-en-ciudades-suizas-y-holandesas-y-la-policia-reprime-fotos","status":"publish","type":"post","link":"https:\/\/archive.sana.sy\/es\/?p=328656","title":{"rendered":"Protestas estudiantiles pro palestinas en ciudades suizas y holandesas, y la polic\u00eda reprime (+ fotos)"},"content":{"rendered":"<blockquote>\n<p style=\"text-align: justify;\"><span style=\"color: #993300;\"><strong>Las manifestaciones se extendieron a Zurich, Ginebra, Lausana y \u00c1msterdam, durante las cuales los manifestantes portaron kuffieh y banderas palestinas, y coreaban \u201cPalestina libre\u201d y \u201cViva Palestina\u201d, y luego, los estudiantes de la Universidad de Lausana instalaran tiendas de campa\u00f1a.<\/strong><\/span><\/p>\n<\/blockquote>\n<p style=\"text-align: justify;\"><span style=\"color: #800000;\"><strong>Ginebra &#8211; La Haya, 8 may (SANA)\u00a0<\/strong> <\/span>Varias ciudades suizas fueron testigos de protestas contra la brutal agresi\u00f3n israel\u00ed en la Franja de Gaza, mientras la polic\u00eda dispers\u00f3 una sentada en el campus de la Universidad holandesa de \u00c1msterdam.<\/p>\n<p style=\"text-align: justify;\">Reuters inform\u00f3 que las protestas se extendieron a Zurich, Ginebra y Lausana, durante las cuales los manifestantes portaron kuffieh y banderas palestinas, y coreaban \u201cPalestina libre\u201d y \u201cViva Palestina\u201d, y luego, los estudiantes de la Universidad de Lausana instalaran tiendas de campa\u00f1a.<\/p>\n<p style=\"text-align: justify;\">En publicaciones en las redes sociales, los estudiantes protagonizaron otras protestas en la Universidad de Ginebra y el Instituto Polit\u00e9cnico Federal de Lausana.<\/p>\n<p style=\"text-align: justify;\">Cientos de estudiantes de la Universidad de Lausana corearon: \u201cTodos somos hijos de Gaza\u201d.<\/p>\n<p style=\"text-align: justify;\">Algunos profesores de la Universidad apoyaron a los estudiantes como Bernard Vota, profesor de ciencias pol\u00edticas, quien consider\u00f3 que las medidas que han tomado son pac\u00edficas y de buena fe con el objetivo de llamar la atenci\u00f3n del p\u00fablico sobre una situaci\u00f3n dolorosa en Gaza y que los docentes no pueden permanecer en silencio\u201d.<\/p>\n<p style=\"text-align: justify;\">Mientras tanto, la polic\u00eda dispers\u00f3 a los manifestantes en el Instituto Federal Suizo de Tecnolog\u00eda en Zurich.<\/p>\n<p style=\"text-align: justify;\">En los Pa\u00edses Bajos, la polic\u00eda dispers\u00f3 una sentada en el campus de la Universidad de \u00c1msterdam llevada a cabo por estudiantes que exig\u00edan que la universidad rompiera sus relaciones con \u201cIsrael\u201d debido a su agresi\u00f3n contra Gaza.<\/p>\n<p style=\"text-align: justify;\">La polic\u00eda holandesa reprimi\u00f3 a los manifestantes estudiantiles y los golpe\u00f3 con porras despu\u00e9s de que se negaran a abandonar el campus universitario.<\/p>\n<p style=\"text-align: justify;\">fm<\/p>\n<div id='gallery-1' class='gallery galleryid-328656 gallery-columns-1 gallery-size-full'><figure class='gallery-item'>\n\t\t\t<div class='gallery-icon landscape'>\n\t\t\t\t<a href='https:\/\/archive.sana.sy\/es\/wp-content\/uploads\/2024\/05\/photo_2024-05-07_21-51-40-2.jpg'><img loading=\"lazy\" decoding=\"async\" width=\"1280\" height=\"704\" src=\"https:\/\/archive.sana.sy\/es\/wp-content\/uploads\/2024\/05\/photo_2024-05-07_21-51-40-2.jpg\" class=\"attachment-full size-full\" alt=\"\" srcset=\"https:\/\/archive.sana.sy\/es\/wp-content\/uploads\/2024\/05\/photo_2024-05-07_21-51-40-2.jpg 1280w, https:\/\/archive.sana.sy\/es\/wp-content\/uploads\/2024\/05\/photo_2024-05-07_21-51-40-2-300x165.jpg 300w, https:\/\/archive.sana.sy\/es\/wp-content\/uploads\/2024\/05\/photo_2024-05-07_21-51-40-2-1024x563.jpg 1024w, https:\/\/archive.sana.sy\/es\/wp-content\/uploads\/2024\/05\/photo_2024-05-07_21-51-40-2-150x83.jpg 150w, https:\/\/archive.sana.sy\/es\/wp-content\/uploads\/2024\/05\/photo_2024-05-07_21-51-40-2-768x422.jpg 768w\" sizes=\"(max-width: 1280px) 100vw, 1280px\" \/><\/a>\n\t\t\t<\/div><\/figure><figure class='gallery-item'>\n\t\t\t<div class='gallery-icon landscape'>\n\t\t\t\t<a href='https:\/\/archive.sana.sy\/es\/wp-content\/uploads\/2024\/05\/photo_2024-05-07_21-51-40.jpg'><img loading=\"lazy\" decoding=\"async\" width=\"1280\" height=\"709\" src=\"https:\/\/archive.sana.sy\/es\/wp-content\/uploads\/2024\/05\/photo_2024-05-07_21-51-40.jpg\" class=\"attachment-full size-full\" alt=\"\" srcset=\"https:\/\/archive.sana.sy\/es\/wp-content\/uploads\/2024\/05\/photo_2024-05-07_21-51-40.jpg 1280w, https:\/\/archive.sana.sy\/es\/wp-content\/uploads\/2024\/05\/photo_2024-05-07_21-51-40-300x166.jpg 300w, https:\/\/archive.sana.sy\/es\/wp-content\/uploads\/2024\/05\/photo_2024-05-07_21-51-40-1024x567.jpg 1024w, https:\/\/archive.sana.sy\/es\/wp-content\/uploads\/2024\/05\/photo_2024-05-07_21-51-40-150x83.jpg 150w, https:\/\/archive.sana.sy\/es\/wp-content\/uploads\/2024\/05\/photo_2024-05-07_21-51-40-768x425.jpg 768w\" sizes=\"(max-width: 1280px) 100vw, 1280px\" \/><\/a>\n\t\t\t<\/div><\/figure><figure class='gallery-item'>\n\t\t\t<div class='gallery-icon landscape'>\n\t\t\t\t<a href='https:\/\/archive.sana.sy\/es\/wp-content\/uploads\/2024\/05\/photo_2024-05-07_21-51-40-3.jpg'><img loading=\"lazy\" decoding=\"async\" width=\"1280\" height=\"709\" src=\"https:\/\/archive.sana.sy\/es\/wp-content\/uploads\/2024\/05\/photo_2024-05-07_21-51-40-3.jpg\" class=\"attachment-full size-full\" alt=\"Protestas estudiantiles pro palestinas en ciudades suizas y holandesas, y la polic\u00eda reprime\" srcset=\"https:\/\/archive.sana.sy\/es\/wp-content\/uploads\/2024\/05\/photo_2024-05-07_21-51-40-3.jpg 1280w, https:\/\/archive.sana.sy\/es\/wp-content\/uploads\/2024\/05\/photo_2024-05-07_21-51-40-3-300x166.jpg 300w, https:\/\/archive.sana.sy\/es\/wp-content\/uploads\/2024\/05\/photo_2024-05-07_21-51-40-3-1024x567.jpg 1024w, https:\/\/archive.sana.sy\/es\/wp-content\/uploads\/2024\/05\/photo_2024-05-07_21-51-40-3-150x83.jpg 150w, https:\/\/archive.sana.sy\/es\/wp-content\/uploads\/2024\/05\/photo_2024-05-07_21-51-40-3-768x425.jpg 768w\" sizes=\"(max-width: 1280px) 100vw, 1280px\" \/><\/a>\n\t\t\t<\/div><\/figure>\n\t\t<\/div>\n\n","protected":false},"excerpt":{"rendered":"<p>Las manifestaciones se extendieron a Zurich, Ginebra, Lausana y \u00c1msterdam, durante las cuales los manifestantes portaron kuffieh y banderas palestinas, y coreaban \u201cPalestina libre\u201d y \u201cViva Palestina\u201d, y luego, los estudiantes de la Universidad de Lausana instalaran tiendas de campa\u00f1a. Ginebra &#8211; La Haya, 8 may (SANA)\u00a0 Varias ciudades suizas fueron testigos de protestas contra &hellip;<\/p>\n","protected":false},"author":34,"featured_media":328660,"comment_status":"closed","ping_status":"closed","sticky":false,"template":"","format":"standard","meta":{"footnotes":""},"categories":[597,456,20724,583],"tags":[],"class_list":["post-328656","post","type-post","status-publish","format-standard","has-post-thumbnail","","category-cinta-de-noticias","category-arabe-internacional-politica","category-minuto-a-minuto","category-slide"],"_links":{"self":[{"href":"https:\/\/archive.sana.sy\/es\/index.php?rest_route=\/wp\/v2\/posts\/328656"}],"collection":[{"href":"https:\/\/archive.sana.sy\/es\/index.php?rest_route=\/wp\/v2\/posts"}],"about":[{"href":"https:\/\/archive.sana.sy\/es\/index.php?rest_route=\/wp\/v2\/types\/post"}],"author":[{"embeddable":true,"href":"https:\/\/archive.sana.sy\/es\/index.php?rest_route=\/wp\/v2\/users\/34"}],"replies":[{"embeddable":true,"href":"https:\/\/archive.sana.sy\/es\/index.php?rest_route=%2Fwp%2Fv2%2Fcomments&post=328656"}],"version-history":[{"count":1,"href":"https:\/\/archive.sana.sy\/es\/index.php?rest_route=\/wp\/v2\/posts\/328656\/revisions"}],"predecessor-version":[{"id":328661,"href":"https:\/\/archive.sana.sy\/es\/index.php?rest_route=\/wp\/v2\/posts\/328656\/revisions\/328661"}],"wp:featuredmedia":[{"embeddable":true,"href":"https:\/\/archive.sana.sy\/es\/index.php?rest_route=\/wp\/v2\/media\/328660"}],"wp:attachment":[{"href":"https:\/\/archive.sana.sy\/es\/index.php?rest_route=%2Fwp%2Fv2%2Fmedia&parent=328656"}],"wp:term":[{"taxonomy":"category","embeddable":true,"href":"https:\/\/archive.sana.sy\/es\/index.php?rest_route=%2Fwp%2Fv2%2Fcategories&post=328656"},{"taxonomy":"post_tag","embeddable":true,"href":"https:\/\/archive.sana.sy\/es\/index.php?rest_route=%2Fwp%2Fv2%2Ftags&post=328656"}],"curies":[{"name":"wp","href":"https:\/\/api.w.org\/{rel}","templated":true}]}}