{"id":328667,"date":"2024-05-08T17:19:18","date_gmt":"2024-05-08T14:19:18","guid":{"rendered":"https:\/\/sana.sy\/es\/?p=328667"},"modified":"2024-05-08T17:18:15","modified_gmt":"2024-05-08T14:18:15","slug":"presidente-al-assad-felicita-a-putin-por-su-toma-de-posesion-como-presidente","status":"publish","type":"post","link":"https:\/\/archive.sana.sy\/es\/?p=328667","title":{"rendered":"Presidente Al-Assad felicita a Putin por su toma de posesi\u00f3n como presidente"},"content":{"rendered":"<p style=\"text-align: justify\"><span style=\"color: #800000\"><strong>Damasco, 8 may (SANA)<\/strong><\/span> El presidente sirio Bashar Al-Assad, felicit\u00f3 hoy a su hom\u00f3logo ruso Vladimir Putin por la toma de posesi\u00f3n como presidente de la Federaci\u00f3n de Rusia.<\/p>\n<p style=\"text-align: justify\">&#8220;Le deseo \u00e9xitos continuos y duraderos en el desempe\u00f1o de sus deberes y responsabilidades.<\/p>\n<p style=\"text-align: justify\">Todos confiamos que los pr\u00f3ximos a\u00f1os traer\u00e1n a la Federaci\u00f3n de Rusia, bajo su liderazgo y con la voluntad y los esfuerzos del amigo pueblo ruso, m\u00e1s progreso, prosperidad y bienestar&#8221;, dijo el mandatario en un mensaje enviado a Putin.<\/p>\n<p style=\"text-align: justify\">Agreg\u00f3 que con la unidad, el pueblo ruso podr\u00e1 enfrentar todos los desaf\u00edos, defender los intereses nacionales de su pa\u00eds y preservar su arraigada civilizaci\u00f3n.<\/p>\n<p style=\"text-align: justify\">fm\/as<\/p>\n","protected":false},"excerpt":{"rendered":"<p>Damasco, 8 may (SANA) El presidente sirio Bashar Al-Assad, felicit\u00f3 hoy a su hom\u00f3logo ruso Vladimir Putin por la toma de posesi\u00f3n como presidente de la Federaci\u00f3n de Rusia. &#8220;Le deseo \u00e9xitos continuos y duraderos en el desempe\u00f1o de sus deberes y responsabilidades. Todos confiamos que los pr\u00f3ximos a\u00f1os traer\u00e1n a la Federaci\u00f3n de Rusia, &hellip;<\/p>\n","protected":false},"author":42,"featured_media":328668,"comment_status":"closed","ping_status":"closed","sticky":false,"template":"","format":"standard","meta":{"footnotes":""},"categories":[597,20724,16237,583],"tags":[],"class_list":["post-328667","post","type-post","status-publish","format-standard","has-post-thumbnail","","category-cinta-de-noticias","category-minuto-a-minuto","category-presidence-de-la-republique-arabe-syria","category-slide"],"_links":{"self":[{"href":"https:\/\/archive.sana.sy\/es\/index.php?rest_route=\/wp\/v2\/posts\/328667"}],"collection":[{"href":"https:\/\/archive.sana.sy\/es\/index.php?rest_route=\/wp\/v2\/posts"}],"about":[{"href":"https:\/\/archive.sana.sy\/es\/index.php?rest_route=\/wp\/v2\/types\/post"}],"author":[{"embeddable":true,"href":"https:\/\/archive.sana.sy\/es\/index.php?rest_route=\/wp\/v2\/users\/42"}],"replies":[{"embeddable":true,"href":"https:\/\/archive.sana.sy\/es\/index.php?rest_route=%2Fwp%2Fv2%2Fcomments&post=328667"}],"version-history":[{"count":2,"href":"https:\/\/archive.sana.sy\/es\/index.php?rest_route=\/wp\/v2\/posts\/328667\/revisions"}],"predecessor-version":[{"id":328717,"href":"https:\/\/archive.sana.sy\/es\/index.php?rest_route=\/wp\/v2\/posts\/328667\/revisions\/328717"}],"wp:featuredmedia":[{"embeddable":true,"href":"https:\/\/archive.sana.sy\/es\/index.php?rest_route=\/wp\/v2\/media\/328668"}],"wp:attachment":[{"href":"https:\/\/archive.sana.sy\/es\/index.php?rest_route=%2Fwp%2Fv2%2Fmedia&parent=328667"}],"wp:term":[{"taxonomy":"category","embeddable":true,"href":"https:\/\/archive.sana.sy\/es\/index.php?rest_route=%2Fwp%2Fv2%2Fcategories&post=328667"},{"taxonomy":"post_tag","embeddable":true,"href":"https:\/\/archive.sana.sy\/es\/index.php?rest_route=%2Fwp%2Fv2%2Ftags&post=328667"}],"curies":[{"name":"wp","href":"https:\/\/api.w.org\/{rel}","templated":true}]}}