{"id":328679,"date":"2024-05-08T13:40:20","date_gmt":"2024-05-08T10:40:20","guid":{"rendered":"https:\/\/sana.sy\/es\/?p=328679"},"modified":"2024-05-08T13:40:20","modified_gmt":"2024-05-08T10:40:20","slug":"cicr-alerta-de-una-invasion-israeli-de-rafa","status":"publish","type":"post","link":"https:\/\/archive.sana.sy\/es\/?p=328679","title":{"rendered":"CICR alerta de una invasi\u00f3n israel\u00ed de Raf\u00e1"},"content":{"rendered":"<p style=\"text-align: justify;\"><span style=\"color: #800000;\"><strong>Ginebra, 8 may (SANA) <\/strong><\/span>El Comit\u00e9 Internacional de la Cruz Roja (CICR) anunci\u00f3 hoy que cualquier operaci\u00f3n terrestre israel\u00ed en la ciudad de Raf\u00e1, en el sur de la Franja de Gaza, ser\u00eda una cat\u00e1strofe humanitaria.<\/p>\n<p style=\"text-align: justify;\">\u201cAdvertimos que cualquier invasi\u00f3n a Raf\u00e1 provocar\u00eda un verdadero desastre y reiteramos el llamado a proteger los civiles en Gaza y garantizar su acceso a las necesidades de la vida&#8221;, inform\u00f3 el organismo en un comunicado.<\/p>\n<p style=\"text-align: justify;\">Expres\u00f3 su disposici\u00f3n a desempe\u00f1ar su papel en cualquier acuerdo sobre un alto el fuego en Gaza.<\/p>\n<p style=\"text-align: justify;\">as\/fm<\/p>\n","protected":false},"excerpt":{"rendered":"<p>Ginebra, 8 may (SANA) El Comit\u00e9 Internacional de la Cruz Roja (CICR) anunci\u00f3 hoy que cualquier operaci\u00f3n terrestre israel\u00ed en la ciudad de Raf\u00e1, en el sur de la Franja de Gaza, ser\u00eda una cat\u00e1strofe humanitaria. \u201cAdvertimos que cualquier invasi\u00f3n a Raf\u00e1 provocar\u00eda un verdadero desastre y reiteramos el llamado a proteger los civiles en &hellip;<\/p>\n","protected":false},"author":42,"featured_media":328680,"comment_status":"closed","ping_status":"closed","sticky":false,"template":"","format":"standard","meta":{"footnotes":""},"categories":[597,456,16687,20724,7541],"tags":[],"class_list":["post-328679","post","type-post","status-publish","format-standard","has-post-thumbnail","","category-cinta-de-noticias","category-arabe-internacional-politica","category-internacionales","category-minuto-a-minuto","category-ultimas-noticias"],"_links":{"self":[{"href":"https:\/\/archive.sana.sy\/es\/index.php?rest_route=\/wp\/v2\/posts\/328679"}],"collection":[{"href":"https:\/\/archive.sana.sy\/es\/index.php?rest_route=\/wp\/v2\/posts"}],"about":[{"href":"https:\/\/archive.sana.sy\/es\/index.php?rest_route=\/wp\/v2\/types\/post"}],"author":[{"embeddable":true,"href":"https:\/\/archive.sana.sy\/es\/index.php?rest_route=\/wp\/v2\/users\/42"}],"replies":[{"embeddable":true,"href":"https:\/\/archive.sana.sy\/es\/index.php?rest_route=%2Fwp%2Fv2%2Fcomments&post=328679"}],"version-history":[{"count":1,"href":"https:\/\/archive.sana.sy\/es\/index.php?rest_route=\/wp\/v2\/posts\/328679\/revisions"}],"predecessor-version":[{"id":328681,"href":"https:\/\/archive.sana.sy\/es\/index.php?rest_route=\/wp\/v2\/posts\/328679\/revisions\/328681"}],"wp:featuredmedia":[{"embeddable":true,"href":"https:\/\/archive.sana.sy\/es\/index.php?rest_route=\/wp\/v2\/media\/328680"}],"wp:attachment":[{"href":"https:\/\/archive.sana.sy\/es\/index.php?rest_route=%2Fwp%2Fv2%2Fmedia&parent=328679"}],"wp:term":[{"taxonomy":"category","embeddable":true,"href":"https:\/\/archive.sana.sy\/es\/index.php?rest_route=%2Fwp%2Fv2%2Fcategories&post=328679"},{"taxonomy":"post_tag","embeddable":true,"href":"https:\/\/archive.sana.sy\/es\/index.php?rest_route=%2Fwp%2Fv2%2Ftags&post=328679"}],"curies":[{"name":"wp","href":"https:\/\/api.w.org\/{rel}","templated":true}]}}