{"id":328697,"date":"2024-05-08T15:21:49","date_gmt":"2024-05-08T12:21:49","guid":{"rendered":"https:\/\/sana.sy\/es\/?p=328697"},"modified":"2024-05-08T15:21:49","modified_gmt":"2024-05-08T12:21:49","slug":"la-union-africana-condena-energicamente-el-ataque-israeli-a-rafa","status":"publish","type":"post","link":"https:\/\/archive.sana.sy\/es\/?p=328697","title":{"rendered":"La Uni\u00f3n africana condena en\u00e9rgicamente el ataque israel\u00ed a Raf\u00e1"},"content":{"rendered":"<p style=\"text-align: justify;\"><span style=\"color: #800000;\"><strong>Nairobi, 8 may (SANA)<\/strong><\/span> La Uni\u00f3n Africana (UI) conden\u00f3 el ataque israel\u00ed a la ciudad de Raf\u00e1, en el sur de la Franja de Gaza, y pidi\u00f3 a la comunidad internacional que detenga esta sangrienta escalada b\u00e9lica.<\/p>\n<p style=\"text-align: justify;\">Expreso mi profunda preocupaci\u00f3n por la guerra desatada por el ocupante israel\u00ed en Gaza, que ocasiona en cada momento decenas de muertos y heridos, y la destrucci\u00f3n sistem\u00e1tica de las condiciones de vida humana\u201d, escribi\u00f3 el presidente de la Comisi\u00f3n de UI, Musa Fakih Muhammad, en su cuenta en la plataforma X.<\/p>\n<p style=\"text-align: justify;\">Muhammad inst\u00f3 a toda la comunidad internacional a coordinar una acci\u00f3n colectiva y eficaz para detener esta sangrienta escalada.<\/p>\n<p style=\"text-align: justify;\">ma\/fm<\/p>\n","protected":false},"excerpt":{"rendered":"<p>Nairobi, 8 may (SANA) La Uni\u00f3n Africana (UI) conden\u00f3 el ataque israel\u00ed a la ciudad de Raf\u00e1, en el sur de la Franja de Gaza, y pidi\u00f3 a la comunidad internacional que detenga esta sangrienta escalada b\u00e9lica. Expreso mi profunda preocupaci\u00f3n por la guerra desatada por el ocupante israel\u00ed en Gaza, que ocasiona en cada &hellip;<\/p>\n","protected":false},"author":42,"featured_media":328698,"comment_status":"closed","ping_status":"closed","sticky":false,"template":"","format":"standard","meta":{"footnotes":""},"categories":[597,456,16687,20724,7541],"tags":[],"class_list":["post-328697","post","type-post","status-publish","format-standard","has-post-thumbnail","","category-cinta-de-noticias","category-arabe-internacional-politica","category-internacionales","category-minuto-a-minuto","category-ultimas-noticias"],"_links":{"self":[{"href":"https:\/\/archive.sana.sy\/es\/index.php?rest_route=\/wp\/v2\/posts\/328697"}],"collection":[{"href":"https:\/\/archive.sana.sy\/es\/index.php?rest_route=\/wp\/v2\/posts"}],"about":[{"href":"https:\/\/archive.sana.sy\/es\/index.php?rest_route=\/wp\/v2\/types\/post"}],"author":[{"embeddable":true,"href":"https:\/\/archive.sana.sy\/es\/index.php?rest_route=\/wp\/v2\/users\/42"}],"replies":[{"embeddable":true,"href":"https:\/\/archive.sana.sy\/es\/index.php?rest_route=%2Fwp%2Fv2%2Fcomments&post=328697"}],"version-history":[{"count":1,"href":"https:\/\/archive.sana.sy\/es\/index.php?rest_route=\/wp\/v2\/posts\/328697\/revisions"}],"predecessor-version":[{"id":328699,"href":"https:\/\/archive.sana.sy\/es\/index.php?rest_route=\/wp\/v2\/posts\/328697\/revisions\/328699"}],"wp:featuredmedia":[{"embeddable":true,"href":"https:\/\/archive.sana.sy\/es\/index.php?rest_route=\/wp\/v2\/media\/328698"}],"wp:attachment":[{"href":"https:\/\/archive.sana.sy\/es\/index.php?rest_route=%2Fwp%2Fv2%2Fmedia&parent=328697"}],"wp:term":[{"taxonomy":"category","embeddable":true,"href":"https:\/\/archive.sana.sy\/es\/index.php?rest_route=%2Fwp%2Fv2%2Fcategories&post=328697"},{"taxonomy":"post_tag","embeddable":true,"href":"https:\/\/archive.sana.sy\/es\/index.php?rest_route=%2Fwp%2Fv2%2Ftags&post=328697"}],"curies":[{"name":"wp","href":"https:\/\/api.w.org\/{rel}","templated":true}]}}