{"id":328700,"date":"2024-05-08T15:29:32","date_gmt":"2024-05-08T12:29:32","guid":{"rendered":"https:\/\/sana.sy\/es\/?p=328700"},"modified":"2024-05-08T16:04:01","modified_gmt":"2024-05-08T13:04:01","slug":"policia-francesa-reprime-protesta-solidaria-con-gaza-en-la-universidad-de-la-sorbona","status":"publish","type":"post","link":"https:\/\/archive.sana.sy\/es\/?p=328700","title":{"rendered":"Polic\u00eda francesa reprime protesta solidaria con Gaza en la Universidad de la Sorbona"},"content":{"rendered":"<p style=\"text-align: justify;\"><strong><span style=\"color: #800000;\">Paris, 8 may (SANA) <\/span><\/strong>La polic\u00eda francesa us\u00f3 garrotes para evacuar a estudiantes pro palestinos que se hab\u00edan concentrado en un aula para manifestar su apoyo al pueblo palestino en Gaza.<\/p>\n<p style=\"text-align: justify;\">\u201c24 horas despu\u00e9s de que el primer ministro Gabriel Attal prometiera no perturbar las universidades francesas, la polic\u00eda asalt\u00f3 la universidad parisina de Sorbona con el fin de evacuar a los activistas pro palestinos\u201d, inform\u00f3 AFP.<br \/>\nLos manifestantes corearon consignas de apoyo a Raf\u00e1 y de rechazo a la actual agresi\u00f3n israel\u00ed contra el pueblo de Gaza.<\/p>\n<p style=\"text-align: justify;\">Los polic\u00edas agredieron y arrestaron a 39 de los manifestantes j\u00f3venes.<\/p>\n<p style=\"text-align: justify;\">Mientras tanto, los estudiantes se congregaron frente al cord\u00f3n de seguridad impuesto por los agentes policiales coreando (Palestina vive, Palestina vence).<\/p>\n<p style=\"text-align: justify;\">Este movimiento estudiantil en Sorbona se produce pocos d\u00edas despu\u00e9s de protestas similares en el Instituto de Estudios Pol\u00edticos de Paris.<\/p>\n<p style=\"text-align: justify;\">ma\/fm<\/p>\n","protected":false},"excerpt":{"rendered":"<p>Paris, 8 may (SANA) La polic\u00eda francesa us\u00f3 garrotes para evacuar a estudiantes pro palestinos que se hab\u00edan concentrado en un aula para manifestar su apoyo al pueblo palestino en Gaza. \u201c24 horas despu\u00e9s de que el primer ministro Gabriel Attal prometiera no perturbar las universidades francesas, la polic\u00eda asalt\u00f3 la universidad parisina de Sorbona &hellip;<\/p>\n","protected":false},"author":42,"featured_media":328701,"comment_status":"closed","ping_status":"closed","sticky":false,"template":"","format":"standard","meta":{"footnotes":""},"categories":[597,456,16687,20724,7541],"tags":[],"class_list":["post-328700","post","type-post","status-publish","format-standard","has-post-thumbnail","","category-cinta-de-noticias","category-arabe-internacional-politica","category-internacionales","category-minuto-a-minuto","category-ultimas-noticias"],"_links":{"self":[{"href":"https:\/\/archive.sana.sy\/es\/index.php?rest_route=\/wp\/v2\/posts\/328700"}],"collection":[{"href":"https:\/\/archive.sana.sy\/es\/index.php?rest_route=\/wp\/v2\/posts"}],"about":[{"href":"https:\/\/archive.sana.sy\/es\/index.php?rest_route=\/wp\/v2\/types\/post"}],"author":[{"embeddable":true,"href":"https:\/\/archive.sana.sy\/es\/index.php?rest_route=\/wp\/v2\/users\/42"}],"replies":[{"embeddable":true,"href":"https:\/\/archive.sana.sy\/es\/index.php?rest_route=%2Fwp%2Fv2%2Fcomments&post=328700"}],"version-history":[{"count":2,"href":"https:\/\/archive.sana.sy\/es\/index.php?rest_route=\/wp\/v2\/posts\/328700\/revisions"}],"predecessor-version":[{"id":328706,"href":"https:\/\/archive.sana.sy\/es\/index.php?rest_route=\/wp\/v2\/posts\/328700\/revisions\/328706"}],"wp:featuredmedia":[{"embeddable":true,"href":"https:\/\/archive.sana.sy\/es\/index.php?rest_route=\/wp\/v2\/media\/328701"}],"wp:attachment":[{"href":"https:\/\/archive.sana.sy\/es\/index.php?rest_route=%2Fwp%2Fv2%2Fmedia&parent=328700"}],"wp:term":[{"taxonomy":"category","embeddable":true,"href":"https:\/\/archive.sana.sy\/es\/index.php?rest_route=%2Fwp%2Fv2%2Fcategories&post=328700"},{"taxonomy":"post_tag","embeddable":true,"href":"https:\/\/archive.sana.sy\/es\/index.php?rest_route=%2Fwp%2Fv2%2Ftags&post=328700"}],"curies":[{"name":"wp","href":"https:\/\/api.w.org\/{rel}","templated":true}]}}