{"id":328703,"date":"2024-05-08T15:59:16","date_gmt":"2024-05-08T12:59:16","guid":{"rendered":"https:\/\/sana.sy\/es\/?p=328703"},"modified":"2024-05-08T15:59:16","modified_gmt":"2024-05-08T12:59:16","slug":"55-muertos-y-200-heridos-por-bombardeos-israelies-contra-gaza-durante-ultimas-24-horas","status":"publish","type":"post","link":"https:\/\/archive.sana.sy\/es\/?p=328703","title":{"rendered":"55 muertos y 200 heridos por bombardeos israel\u00edes contra Gaza durante \u00faltimas 24 horas"},"content":{"rendered":"<p style=\"text-align: justify;\"><span style=\"color: #800000;\"><strong>Jerusal\u00e9n ocupada, 8 may (SANA)<\/strong><\/span> El Ministerio de Salud palestino anunci\u00f3 hoy que durante las \u00faltimas 24 horas, el ocupante israel\u00ed cometi\u00f3 7 masacres en la Franja de Gaza, que cobraron la vida de 55 personas e lesionaron a otras 200.<\/p>\n<p style=\"text-align: justify;\">En un comunicado, el ente de salud indic\u00f3 que el n\u00famero total de v\u00edctimas durante 215 d\u00edas de agresi\u00f3n aument\u00f3 a 34 mil 844 muertos y 78 mil 404 heridos.<\/p>\n<p style=\"text-align: justify;\">Agreg\u00f3 que miles de v\u00edctimas se encuentran todav\u00eda bajo los escombros y en las carreteras, y las ambulancias y los equipos de defensa civil no pueden acceder a los mismos.<\/p>\n<p style=\"text-align: justify;\">El Ministerio indic\u00f3 que los violentos bombardeos israel\u00edes en la Franja de Gaza, especialmente en Raf\u00e1, provocaron un aumento significativo en el n\u00famero de m\u00e1rtires y heridos.<\/p>\n<p style=\"text-align: justify;\">Explic\u00f3 que, por segundo d\u00eda consecutivo, el cruce terrestre de Raf\u00e1 est\u00e1 cerrado debido al control del ocupante sobre el mismo.<\/p>\n<p style=\"text-align: justify;\">FM\/AS<\/p>\n","protected":false},"excerpt":{"rendered":"<p>Jerusal\u00e9n ocupada, 8 may (SANA) El Ministerio de Salud palestino anunci\u00f3 hoy que durante las \u00faltimas 24 horas, el ocupante israel\u00ed cometi\u00f3 7 masacres en la Franja de Gaza, que cobraron la vida de 55 personas e lesionaron a otras 200. En un comunicado, el ente de salud indic\u00f3 que el n\u00famero total de v\u00edctimas &hellip;<\/p>\n","protected":false},"author":42,"featured_media":328704,"comment_status":"closed","ping_status":"closed","sticky":false,"template":"","format":"standard","meta":{"footnotes":""},"categories":[597,456,16687,20724,7541],"tags":[],"class_list":["post-328703","post","type-post","status-publish","format-standard","has-post-thumbnail","","category-cinta-de-noticias","category-arabe-internacional-politica","category-internacionales","category-minuto-a-minuto","category-ultimas-noticias"],"_links":{"self":[{"href":"https:\/\/archive.sana.sy\/es\/index.php?rest_route=\/wp\/v2\/posts\/328703"}],"collection":[{"href":"https:\/\/archive.sana.sy\/es\/index.php?rest_route=\/wp\/v2\/posts"}],"about":[{"href":"https:\/\/archive.sana.sy\/es\/index.php?rest_route=\/wp\/v2\/types\/post"}],"author":[{"embeddable":true,"href":"https:\/\/archive.sana.sy\/es\/index.php?rest_route=\/wp\/v2\/users\/42"}],"replies":[{"embeddable":true,"href":"https:\/\/archive.sana.sy\/es\/index.php?rest_route=%2Fwp%2Fv2%2Fcomments&post=328703"}],"version-history":[{"count":1,"href":"https:\/\/archive.sana.sy\/es\/index.php?rest_route=\/wp\/v2\/posts\/328703\/revisions"}],"predecessor-version":[{"id":328705,"href":"https:\/\/archive.sana.sy\/es\/index.php?rest_route=\/wp\/v2\/posts\/328703\/revisions\/328705"}],"wp:featuredmedia":[{"embeddable":true,"href":"https:\/\/archive.sana.sy\/es\/index.php?rest_route=\/wp\/v2\/media\/328704"}],"wp:attachment":[{"href":"https:\/\/archive.sana.sy\/es\/index.php?rest_route=%2Fwp%2Fv2%2Fmedia&parent=328703"}],"wp:term":[{"taxonomy":"category","embeddable":true,"href":"https:\/\/archive.sana.sy\/es\/index.php?rest_route=%2Fwp%2Fv2%2Fcategories&post=328703"},{"taxonomy":"post_tag","embeddable":true,"href":"https:\/\/archive.sana.sy\/es\/index.php?rest_route=%2Fwp%2Fv2%2Ftags&post=328703"}],"curies":[{"name":"wp","href":"https:\/\/api.w.org\/{rel}","templated":true}]}}