{"id":328707,"date":"2024-05-08T16:32:47","date_gmt":"2024-05-08T13:32:47","guid":{"rendered":"https:\/\/sana.sy\/es\/?p=328707"},"modified":"2024-05-08T16:34:10","modified_gmt":"2024-05-08T13:34:10","slug":"27-mujeres-presentan-sus-artesanias-en-una-exposicion-en-sweida-fotos","status":"publish","type":"post","link":"https:\/\/archive.sana.sy\/es\/?p=328707","title":{"rendered":"27 mujeres presentan sus artesan\u00edas en una exposici\u00f3n en Sweida (+ fotos)"},"content":{"rendered":"<p style=\"text-align: justify;\"><strong><span style=\"color: #800000;\">Sweida, 8 may (SANA)<\/span> <\/strong>27 mujeres exhibieron sus manualidades en una exposici\u00f3n inaugurada con motivo del D\u00eda de los M\u00e1rtires.<\/p>\n<p style=\"text-align: justify;\">El evento dura tres d\u00edas y en el mismo las damas presentan bordados, artesan\u00edas de lana, accesorios, platos tradicionales, manualidades hechas de paja, pinturas sobre espejos, velas, entre otros.<\/p>\n<p style=\"text-align: justify;\">La supervisora de la exposici\u00f3n Reem Al-Kuntar, declar\u00f3 a SANA que la exposici\u00f3n tiene como objetivo apoyar a las mujeres que emprendieron peque\u00f1os proyectos y se destacaron por su trabajo manual.<\/p>\n<p style=\"text-align: justify;\">\u201cEllas demostraron su determinaci\u00f3n de trabajar al servicio de sus familias y su pa\u00eds, y su deseo de dejar una hermosa huella y un impacto positivo, pese en las circunstancias m\u00e1s dif\u00edciles\u201d, precis\u00f3.<\/p>\n<p style=\"text-align: justify;\">El &#8220;Grupo de Mujeres Influyentes\u201d, organizado del evento, integra a unas 700 mujeres que laboran en diversos sectores de la sociedad y lleva a cabo muchas actividades de forma voluntaria.<\/p>\n<p style=\"text-align: justify;\">ma\/fm<\/p>\n<div id='gallery-1' class='gallery galleryid-328707 gallery-columns-1 gallery-size-full'><figure class='gallery-item'>\n\t\t\t<div class='gallery-icon landscape'>\n\t\t\t\t<a href='https:\/\/archive.sana.sy\/es\/wp-content\/uploads\/2024\/05\/3-29.jpg'><img loading=\"lazy\" decoding=\"async\" width=\"660\" height=\"519\" src=\"https:\/\/archive.sana.sy\/es\/wp-content\/uploads\/2024\/05\/3-29.jpg\" class=\"attachment-full size-full\" alt=\"\" srcset=\"https:\/\/archive.sana.sy\/es\/wp-content\/uploads\/2024\/05\/3-29.jpg 660w, https:\/\/archive.sana.sy\/es\/wp-content\/uploads\/2024\/05\/3-29-300x236.jpg 300w, https:\/\/archive.sana.sy\/es\/wp-content\/uploads\/2024\/05\/3-29-150x118.jpg 150w\" sizes=\"(max-width: 660px) 100vw, 660px\" \/><\/a>\n\t\t\t<\/div><\/figure><figure class='gallery-item'>\n\t\t\t<div class='gallery-icon landscape'>\n\t\t\t\t<a href='https:\/\/archive.sana.sy\/es\/wp-content\/uploads\/2024\/05\/11-12.jpg'><img loading=\"lazy\" decoding=\"async\" width=\"660\" height=\"495\" src=\"https:\/\/archive.sana.sy\/es\/wp-content\/uploads\/2024\/05\/11-12.jpg\" class=\"attachment-full size-full\" alt=\"\" srcset=\"https:\/\/archive.sana.sy\/es\/wp-content\/uploads\/2024\/05\/11-12.jpg 660w, https:\/\/archive.sana.sy\/es\/wp-content\/uploads\/2024\/05\/11-12-300x225.jpg 300w, https:\/\/archive.sana.sy\/es\/wp-content\/uploads\/2024\/05\/11-12-150x113.jpg 150w\" sizes=\"(max-width: 660px) 100vw, 660px\" \/><\/a>\n\t\t\t<\/div><\/figure>\n\t\t<\/div>\n\n","protected":false},"excerpt":{"rendered":"<p>Sweida, 8 may (SANA) 27 mujeres exhibieron sus manualidades en una exposici\u00f3n inaugurada con motivo del D\u00eda de los M\u00e1rtires. El evento dura tres d\u00edas y en el mismo las damas presentan bordados, artesan\u00edas de lana, accesorios, platos tradicionales, manualidades hechas de paja, pinturas sobre espejos, velas, entre otros. La supervisora de la exposici\u00f3n Reem &hellip;<\/p>\n","protected":false},"author":34,"featured_media":328713,"comment_status":"closed","ping_status":"closed","sticky":false,"template":"","format":"standard","meta":{"footnotes":""},"categories":[477,447,597,19549,476,7541],"tags":[],"class_list":["post-328707","post","type-post","status-publish","format-standard","has-post-thumbnail","","category-noticias-edulcorantes","category-local-politica","category-cinta-de-noticias","category-ellas","category-locales","category-ultimas-noticias"],"_links":{"self":[{"href":"https:\/\/archive.sana.sy\/es\/index.php?rest_route=\/wp\/v2\/posts\/328707"}],"collection":[{"href":"https:\/\/archive.sana.sy\/es\/index.php?rest_route=\/wp\/v2\/posts"}],"about":[{"href":"https:\/\/archive.sana.sy\/es\/index.php?rest_route=\/wp\/v2\/types\/post"}],"author":[{"embeddable":true,"href":"https:\/\/archive.sana.sy\/es\/index.php?rest_route=\/wp\/v2\/users\/34"}],"replies":[{"embeddable":true,"href":"https:\/\/archive.sana.sy\/es\/index.php?rest_route=%2Fwp%2Fv2%2Fcomments&post=328707"}],"version-history":[{"count":2,"href":"https:\/\/archive.sana.sy\/es\/index.php?rest_route=\/wp\/v2\/posts\/328707\/revisions"}],"predecessor-version":[{"id":328714,"href":"https:\/\/archive.sana.sy\/es\/index.php?rest_route=\/wp\/v2\/posts\/328707\/revisions\/328714"}],"wp:featuredmedia":[{"embeddable":true,"href":"https:\/\/archive.sana.sy\/es\/index.php?rest_route=\/wp\/v2\/media\/328713"}],"wp:attachment":[{"href":"https:\/\/archive.sana.sy\/es\/index.php?rest_route=%2Fwp%2Fv2%2Fmedia&parent=328707"}],"wp:term":[{"taxonomy":"category","embeddable":true,"href":"https:\/\/archive.sana.sy\/es\/index.php?rest_route=%2Fwp%2Fv2%2Fcategories&post=328707"},{"taxonomy":"post_tag","embeddable":true,"href":"https:\/\/archive.sana.sy\/es\/index.php?rest_route=%2Fwp%2Fv2%2Ftags&post=328707"}],"curies":[{"name":"wp","href":"https:\/\/api.w.org\/{rel}","templated":true}]}}