{"id":328720,"date":"2024-05-08T18:29:25","date_gmt":"2024-05-08T15:29:25","guid":{"rendered":"https:\/\/sana.sy\/es\/?p=328720"},"modified":"2024-05-08T18:34:35","modified_gmt":"2024-05-08T15:34:35","slug":"presidente-al-assad-encabeza-reunion-de-la-nueva-direccion-central-del-partido-al-baath","status":"publish","type":"post","link":"https:\/\/archive.sana.sy\/es\/?p=328720","title":{"rendered":"Presidente al-Assad encabeza reuni\u00f3n de la nueva direcci\u00f3n central del partido al-Baath"},"content":{"rendered":"<p style=\"text-align: justify\"><span style=\"color: #800000\"><strong>Damasco, 08 may (SANA)<\/strong> <\/span>El presidente Bashar al-Assad, secretario general del Partido \u00c1rabe Socialista de al-Baath, encabez\u00f3 hoy una reuni\u00f3n de la nueva direcci\u00f3n central del partido.<\/p>\n<p style=\"text-align: justify\">Durante el encuentro, el mandatario abord\u00f3 con los miembros las prioridades de la pr\u00f3xima etapa, donde la cuesti\u00f3n organizativa llega en primer lugar.<\/p>\n<p style=\"text-align: justify\">Al-Assad resalt\u00f3 que el Partido al-Baath se trata de \u201cuna instituci\u00f3n, no individuos\u201d, y subray\u00f3 que el di\u00e1logo es uno de los mecanismos m\u00e1s importantes que contribuyen a fortalecer la presencia del partido en el movimiento intelectual y cultural de la sociedad, sobre todo en lo relativo a las grandes cuestiones nacionales.<\/p>\n<p style=\"text-align: justify\">Asimismo habl\u00f3 de la importancia de establecer un sistema financiero preciso destinado a preservar y desarrollar los recursos del partido.<\/p>\n<p style=\"text-align: justify\">En otro contexto, se hizo hincapi\u00e9 en evaluar la reciente experiencia electoral del partido y desarrollar el mecanismo de trabajo del Comit\u00e9 Supremo de Elecciones y su papel de supervisar el proceso de electoral con est\u00e1ndares que garanticen una representaci\u00f3n m\u00e1s precisa de todos los espectros.<\/p>\n<p><img loading=\"lazy\" decoding=\"async\" class=\"alignnone size-full wp-image-328724\" src=\"http:\/\/sana.sy\/es\/wp-content\/uploads\/2024\/05\/Presidente-Al-Assad-nueva-direccion-central-del-partido.jpg\" alt=\"\" width=\"1280\" height=\"692\" srcset=\"https:\/\/archive.sana.sy\/es\/wp-content\/uploads\/2024\/05\/Presidente-Al-Assad-nueva-direccion-central-del-partido.jpg 1280w, https:\/\/archive.sana.sy\/es\/wp-content\/uploads\/2024\/05\/Presidente-Al-Assad-nueva-direccion-central-del-partido-300x162.jpg 300w, https:\/\/archive.sana.sy\/es\/wp-content\/uploads\/2024\/05\/Presidente-Al-Assad-nueva-direccion-central-del-partido-1024x554.jpg 1024w, https:\/\/archive.sana.sy\/es\/wp-content\/uploads\/2024\/05\/Presidente-Al-Assad-nueva-direccion-central-del-partido-150x81.jpg 150w, https:\/\/archive.sana.sy\/es\/wp-content\/uploads\/2024\/05\/Presidente-Al-Assad-nueva-direccion-central-del-partido-768x415.jpg 768w\" sizes=\"(max-width: 1280px) 100vw, 1280px\" \/><\/p>\n<p style=\"text-align: justify\">la<\/p>\n","protected":false},"excerpt":{"rendered":"<p>Damasco, 08 may (SANA) El presidente Bashar al-Assad, secretario general del Partido \u00c1rabe Socialista de al-Baath, encabez\u00f3 hoy una reuni\u00f3n de la nueva direcci\u00f3n central del partido. Durante el encuentro, el mandatario abord\u00f3 con los miembros las prioridades de la pr\u00f3xima etapa, donde la cuesti\u00f3n organizativa llega en primer lugar. Al-Assad resalt\u00f3 que el Partido &hellip;<\/p>\n","protected":false},"author":24,"featured_media":328721,"comment_status":"closed","ping_status":"closed","sticky":false,"template":"","format":"standard","meta":{"footnotes":""},"categories":[447,597,20724,476,448,16237,583],"tags":[],"class_list":["post-328720","post","type-post","status-publish","format-standard","has-post-thumbnail","","category-local-politica","category-cinta-de-noticias","category-minuto-a-minuto","category-locales","category-noticias","category-presidence-de-la-republique-arabe-syria","category-slide"],"_links":{"self":[{"href":"https:\/\/archive.sana.sy\/es\/index.php?rest_route=\/wp\/v2\/posts\/328720"}],"collection":[{"href":"https:\/\/archive.sana.sy\/es\/index.php?rest_route=\/wp\/v2\/posts"}],"about":[{"href":"https:\/\/archive.sana.sy\/es\/index.php?rest_route=\/wp\/v2\/types\/post"}],"author":[{"embeddable":true,"href":"https:\/\/archive.sana.sy\/es\/index.php?rest_route=\/wp\/v2\/users\/24"}],"replies":[{"embeddable":true,"href":"https:\/\/archive.sana.sy\/es\/index.php?rest_route=%2Fwp%2Fv2%2Fcomments&post=328720"}],"version-history":[{"count":3,"href":"https:\/\/archive.sana.sy\/es\/index.php?rest_route=\/wp\/v2\/posts\/328720\/revisions"}],"predecessor-version":[{"id":328725,"href":"https:\/\/archive.sana.sy\/es\/index.php?rest_route=\/wp\/v2\/posts\/328720\/revisions\/328725"}],"wp:featuredmedia":[{"embeddable":true,"href":"https:\/\/archive.sana.sy\/es\/index.php?rest_route=\/wp\/v2\/media\/328721"}],"wp:attachment":[{"href":"https:\/\/archive.sana.sy\/es\/index.php?rest_route=%2Fwp%2Fv2%2Fmedia&parent=328720"}],"wp:term":[{"taxonomy":"category","embeddable":true,"href":"https:\/\/archive.sana.sy\/es\/index.php?rest_route=%2Fwp%2Fv2%2Fcategories&post=328720"},{"taxonomy":"post_tag","embeddable":true,"href":"https:\/\/archive.sana.sy\/es\/index.php?rest_route=%2Fwp%2Fv2%2Ftags&post=328720"}],"curies":[{"name":"wp","href":"https:\/\/api.w.org\/{rel}","templated":true}]}}