{"id":328726,"date":"2024-05-08T18:50:36","date_gmt":"2024-05-08T15:50:36","guid":{"rendered":"https:\/\/sana.sy\/es\/?p=328726"},"modified":"2024-05-08T18:50:36","modified_gmt":"2024-05-08T15:50:36","slug":"muere-un-civil-al-estallar-un-artefacto-explosivo-en-ciudad-de-deraa","status":"publish","type":"post","link":"https:\/\/archive.sana.sy\/es\/?p=328726","title":{"rendered":"Muere un civil al estallar un artefacto explosivo en ciudad de Deraa"},"content":{"rendered":"<p style=\"text-align: justify\"><span style=\"color: #800000\"><strong>Deraa, 08 may (SANA)<\/strong> <\/span>Un ciudadano perdi\u00f3 la vida esta tarde en la ciudad sure\u00f1a de Deraa tras el estallido de un artefacto explosivo que fue colocado por debajo de su veh\u00edculo.<\/p>\n<p style=\"text-align: justify\">El incidente tuvo lugar frente al Centro Cultural de Deraa.<\/p>\n<p style=\"text-align: justify\">En el mismo contexto, una fuente m\u00e9dica del Hospital Nacional de Deraa afirm\u00f3 que la v\u00edctima lleg\u00f3 sin vida luego de sufrir graves quemaduras como consecuencia de la explosi\u00f3n.<\/p>\n<p>la<\/p>\n","protected":false},"excerpt":{"rendered":"<p>Deraa, 08 may (SANA) Un ciudadano perdi\u00f3 la vida esta tarde en la ciudad sure\u00f1a de Deraa tras el estallido de un artefacto explosivo que fue colocado por debajo de su veh\u00edculo. El incidente tuvo lugar frente al Centro Cultural de Deraa. En el mismo contexto, una fuente m\u00e9dica del Hospital Nacional de Deraa afirm\u00f3 &hellip;<\/p>\n","protected":false},"author":24,"featured_media":328727,"comment_status":"closed","ping_status":"closed","sticky":false,"template":"","format":"standard","meta":{"footnotes":""},"categories":[447,597,20724,476,448,7541],"tags":[],"class_list":["post-328726","post","type-post","status-publish","format-standard","has-post-thumbnail","","category-local-politica","category-cinta-de-noticias","category-minuto-a-minuto","category-locales","category-noticias","category-ultimas-noticias"],"_links":{"self":[{"href":"https:\/\/archive.sana.sy\/es\/index.php?rest_route=\/wp\/v2\/posts\/328726"}],"collection":[{"href":"https:\/\/archive.sana.sy\/es\/index.php?rest_route=\/wp\/v2\/posts"}],"about":[{"href":"https:\/\/archive.sana.sy\/es\/index.php?rest_route=\/wp\/v2\/types\/post"}],"author":[{"embeddable":true,"href":"https:\/\/archive.sana.sy\/es\/index.php?rest_route=\/wp\/v2\/users\/24"}],"replies":[{"embeddable":true,"href":"https:\/\/archive.sana.sy\/es\/index.php?rest_route=%2Fwp%2Fv2%2Fcomments&post=328726"}],"version-history":[{"count":1,"href":"https:\/\/archive.sana.sy\/es\/index.php?rest_route=\/wp\/v2\/posts\/328726\/revisions"}],"predecessor-version":[{"id":328728,"href":"https:\/\/archive.sana.sy\/es\/index.php?rest_route=\/wp\/v2\/posts\/328726\/revisions\/328728"}],"wp:featuredmedia":[{"embeddable":true,"href":"https:\/\/archive.sana.sy\/es\/index.php?rest_route=\/wp\/v2\/media\/328727"}],"wp:attachment":[{"href":"https:\/\/archive.sana.sy\/es\/index.php?rest_route=%2Fwp%2Fv2%2Fmedia&parent=328726"}],"wp:term":[{"taxonomy":"category","embeddable":true,"href":"https:\/\/archive.sana.sy\/es\/index.php?rest_route=%2Fwp%2Fv2%2Fcategories&post=328726"},{"taxonomy":"post_tag","embeddable":true,"href":"https:\/\/archive.sana.sy\/es\/index.php?rest_route=%2Fwp%2Fv2%2Ftags&post=328726"}],"curies":[{"name":"wp","href":"https:\/\/api.w.org\/{rel}","templated":true}]}}