{"id":328729,"date":"2024-05-08T18:59:45","date_gmt":"2024-05-08T15:59:45","guid":{"rendered":"https:\/\/sana.sy\/es\/?p=328729"},"modified":"2024-05-08T18:59:45","modified_gmt":"2024-05-08T15:59:45","slug":"ministerio-de-asuntos-exteriores-y-expatriados-la-agresion-sionista-contra-la-ciudad-palestina-de-rafa-es-una-continuacion-de-la-politica-genocida-y-expansionista-que-aplica-el-gobierno-terrorista-de","status":"publish","type":"post","link":"https:\/\/archive.sana.sy\/es\/?p=328729","title":{"rendered":"Ministerio de Asuntos Exteriores y Expatriados: la agresi\u00f3n sionista contra la ciudad palestina de Raf\u00e1 es una continuaci\u00f3n de la pol\u00edtica genocida y expansionista que aplica el gobierno terrorista de \u201cIsrael\u201d."},"content":{"rendered":"","protected":false},"excerpt":{"rendered":"","protected":false},"author":24,"featured_media":0,"comment_status":"closed","ping_status":"closed","sticky":false,"template":"","format":"standard","meta":{"footnotes":""},"categories":[20724],"tags":[],"class_list":["post-328729","post","type-post","status-publish","format-standard","","category-minuto-a-minuto"],"_links":{"self":[{"href":"https:\/\/archive.sana.sy\/es\/index.php?rest_route=\/wp\/v2\/posts\/328729"}],"collection":[{"href":"https:\/\/archive.sana.sy\/es\/index.php?rest_route=\/wp\/v2\/posts"}],"about":[{"href":"https:\/\/archive.sana.sy\/es\/index.php?rest_route=\/wp\/v2\/types\/post"}],"author":[{"embeddable":true,"href":"https:\/\/archive.sana.sy\/es\/index.php?rest_route=\/wp\/v2\/users\/24"}],"replies":[{"embeddable":true,"href":"https:\/\/archive.sana.sy\/es\/index.php?rest_route=%2Fwp%2Fv2%2Fcomments&post=328729"}],"version-history":[{"count":1,"href":"https:\/\/archive.sana.sy\/es\/index.php?rest_route=\/wp\/v2\/posts\/328729\/revisions"}],"predecessor-version":[{"id":328730,"href":"https:\/\/archive.sana.sy\/es\/index.php?rest_route=\/wp\/v2\/posts\/328729\/revisions\/328730"}],"wp:attachment":[{"href":"https:\/\/archive.sana.sy\/es\/index.php?rest_route=%2Fwp%2Fv2%2Fmedia&parent=328729"}],"wp:term":[{"taxonomy":"category","embeddable":true,"href":"https:\/\/archive.sana.sy\/es\/index.php?rest_route=%2Fwp%2Fv2%2Fcategories&post=328729"},{"taxonomy":"post_tag","embeddable":true,"href":"https:\/\/archive.sana.sy\/es\/index.php?rest_route=%2Fwp%2Fv2%2Ftags&post=328729"}],"curies":[{"name":"wp","href":"https:\/\/api.w.org\/{rel}","templated":true}]}}